{"id":3053,"date":"2023-09-20T19:43:19","date_gmt":"2023-09-20T22:43:19","guid":{"rendered":"https:\/\/qiarg.org\/magazine\/?p=3053"},"modified":"2024-01-19T15:19:00","modified_gmt":"2024-01-19T18:19:00","slug":"nueva-planta-de-cogeneracion","status":"publish","type":"post","link":"https:\/\/qiarg.org\/magazine\/nueva-planta-de-cogeneracion\/","title":{"rendered":"Nueva planta de cogeneraci\u00f3n"},"content":{"rendered":"<p><span class=\"dropcap \" style=\"background-color: #ffffff; color: #000000; border-color: #ffffff;\">E<\/span><\/p>\n<p>n un acto que tuvo lugar en la planta ubicada en el partido de San Fernando, la presidenta de AySA, Malena Galmarini, anunci\u00f3 la ampliaci\u00f3n del tercer m\u00f3dulo de la Planta Depuradora Norte, que permitir\u00e1 incorporar a 300.000 nuevos habitantes al servicio de saneamiento de la planta y el proyecto de Cogeneraci\u00f3n de Energ\u00eda que contribuir\u00e1 a un modelo de econom\u00eda circular dentro del mismo establecimiento.<br \/>\nAcompa\u00f1ada del ministro de Econom\u00eda, Sergio Massa; el ministro de Obras P\u00fablicas, Gabriel Katopodis; el ministro de Infraestructura y Servicios P\u00fablicos de la Provincia de Buenos Aires, Leonardo Nardini; y el secretario general del SGBATOS, Jos\u00e9 Luis Lingeri, se celebr\u00f3 que ser\u00e1n un total de 900.000 los habitantes beneficiados con el servicio de saneamiento, una vez finalizadas las obras.<br \/>\nActualmente, la planta se ocupa del tratamiento de efluentes cloacales de los partidos de Tigre, San Fernando, San Mart\u00edn, Vicente L\u00f3pez y San Isidro y, a partir de su ampliaci\u00f3n, se podr\u00e1 incorporar a 300.000 personas m\u00e1s y sumar parte de habitantes de Escobar al servicio de saneamiento de la planta.<br \/>\nSu ampliaci\u00f3n es posible, dado que la planta cuenta con dos m\u00f3dulos de tratamiento, el primero fue puesto en servicio en el a\u00f1o 1998 y el segundo en el a\u00f1o 2014.<br \/>\nDichos m\u00f3dulos, realizan un tratamiento de depuraci\u00f3n mediante tecnolog\u00eda de lodos activados, alcanzando a 600.000 vecinos y vecinas.<br \/>\nEsta iniciativa ser\u00e1 financiada por el Banco Mundial con una inversi\u00f3n de 24.850 millones de pesos y se podr\u00e1n generar 1200 puestos de trabajo genuinos.<br \/>\nDesde el escenario, Malena Galmarini expres\u00f3: \u201cHoy estamos en esta planta lanzando la licitaci\u00f3n de un tercer m\u00f3dulo que significan 300 mil personas m\u00e1s que tendr\u00e1n saneamiento cloacal. Eso es cuidado del medio ambiente, eso es cuidado de la salud tambi\u00e9n, es el cuidado de la econom\u00eda familiar\u201d.<br \/>\nAsimismo, junto con la ampliaci\u00f3n de la planta se pondr\u00e1 en marcha por primera vez en AySA un m\u00f3dulo compacto de cogeneraci\u00f3n de energ\u00eda, el cual consiste en un sistema de alimentaci\u00f3n basado en el biog\u00e1s producido en los digestores presentes en los m\u00f3dulos I y II de la planta.<br \/>\nEsto permite contribuir a un modelo de econom\u00eda circular, ya que este nuevo sistema se utilizar\u00e1 para la generaci\u00f3n de energ\u00eda el\u00e9ctrica que cubrir\u00e1 parte de los requerimientos actuales, y energ\u00eda t\u00e9rmica que ser\u00e1 aprovechada en la calefacci\u00f3n de los digestores asociados que reducen el impacto del proceso en el medio ambiente.<br \/>\nDe este evento, tambi\u00e9n participaron la secretaria de Energ\u00eda de la Naci\u00f3n, Flavia Roy\u00f3n; el intendente de San Fernando, Juan Andreotti y el vicepresidente de AySA, Martin Reibel Maier, entre otros funcionarios.<\/p>\n<p>&nbsp;<\/p>\n<blockquote class=\"pullquote align-center\"><p>\u201cEn estos tres a\u00f1os y medio hicimos 4000 kil\u00f3metros de redes de agua y de cloaca. Y eso son 1.500.000 personas con agua y 1.600.000 personas m\u00e1s con cloaca\u201d, <b>Malena Galmarini<\/b> &#8211; Presidenta de AySA<\/p><\/blockquote>\n<figure id=\"attachment_3055\" aria-describedby=\"caption-attachment-3055\" style=\"width: 298px\" class=\"wp-caption alignnone\"><img decoding=\"async\" loading=\"lazy\" class=\"wp-image-3055 size-full\" src=\"https:\/\/qiarg.org\/magazine\/wp-content\/uploads\/2023\/09\/Qi-magazine11-digital-72dpi-77.jpg\" alt=\"\" width=\"298\" height=\"221\" \/><figcaption id=\"caption-attachment-3055\" class=\"wp-caption-text\">La presidente de Aysa, Malena Galmarini, con colaboradoras de la empresa en el acto donde se anunci\u00f3 la ampliaci\u00f3n.<\/figcaption><\/figure>\n<p>&nbsp;<\/p>\n","protected":false},"excerpt":{"rendered":"<p>E n un acto que tuvo lugar en la planta ubicada en el partido de San Fernando, la presidenta de AySA, Malena Galmarini, anunci\u00f3 la ampliaci\u00f3n del tercer m\u00f3dulo de la Planta Depuradora Norte, que permitir\u00e1 incorporar a 300.000 nuevos habitantes al servicio de saneamiento de la planta y el proyecto de Cogeneraci\u00f3n de Energ\u00eda [&hellip;]<\/p>\n","protected":false},"author":3,"featured_media":3054,"comment_status":"closed","ping_status":"closed","sticky":false,"template":"","format":"standard","meta":[],"categories":[147],"tags":[],"acf":[],"_links":{"self":[{"href":"https:\/\/qiarg.org\/magazine\/wp-json\/wp\/v2\/posts\/3053"}],"collection":[{"href":"https:\/\/qiarg.org\/magazine\/wp-json\/wp\/v2\/posts"}],"about":[{"href":"https:\/\/qiarg.org\/magazine\/wp-json\/wp\/v2\/types\/post"}],"author":[{"embeddable":true,"href":"https:\/\/qiarg.org\/magazine\/wp-json\/wp\/v2\/users\/3"}],"replies":[{"embeddable":true,"href":"https:\/\/qiarg.org\/magazine\/wp-json\/wp\/v2\/comments?post=3053"}],"version-history":[{"count":3,"href":"https:\/\/qiarg.org\/magazine\/wp-json\/wp\/v2\/posts\/3053\/revisions"}],"predecessor-version":[{"id":3155,"href":"https:\/\/qiarg.org\/magazine\/wp-json\/wp\/v2\/posts\/3053\/revisions\/3155"}],"wp:featuredmedia":[{"embeddable":true,"href":"https:\/\/qiarg.org\/magazine\/wp-json\/wp\/v2\/media\/3054"}],"wp:attachment":[{"href":"https:\/\/qiarg.org\/magazine\/wp-json\/wp\/v2\/media?parent=3053"}],"wp:term":[{"taxonomy":"category","embeddable":true,"href":"https:\/\/qiarg.org\/magazine\/wp-json\/wp\/v2\/categories?post=3053"},{"taxonomy":"post_tag","embeddable":true,"href":"https:\/\/qiarg.org\/magazine\/wp-json\/wp\/v2\/tags?post=3053"}],"curies":[{"name":"wp","href":"https:\/\/api.w.org\/{rel}","templated":true}]}}