{"id":3016,"date":"2023-09-20T19:11:23","date_gmt":"2023-09-20T22:11:23","guid":{"rendered":"https:\/\/qiarg.org\/magazine\/?p=3016"},"modified":"2024-01-19T14:39:14","modified_gmt":"2024-01-19T17:39:14","slug":"vistas-11","status":"publish","type":"post","link":"https:\/\/qiarg.org\/magazine\/vistas-11\/","title":{"rendered":"Vistas+"},"content":{"rendered":"<p>[vc_row]<br \/>\n[vc_column width=\u00bb1\/4&#8243;][vc_column_text]<br \/>\n<img decoding=\"async\" loading=\"lazy\" class=\"foto-seccion alignnone wp-image-3022 size-medium\" src=\"https:\/\/qiarg.org\/magazine\/wp-content\/uploads\/2023\/09\/Vistas-3-copy-2-300x146.jpg\" alt=\"\" width=\"300\" height=\"146\" srcset=\"https:\/\/qiarg.org\/magazine\/wp-content\/uploads\/2023\/09\/Vistas-3-copy-2-300x146.jpg 300w, https:\/\/qiarg.org\/magazine\/wp-content\/uploads\/2023\/09\/Vistas-3-copy-2.jpg 412w\" sizes=\"(max-width: 300px) 100vw, 300px\" \/><br \/>\n[\/vc_column_text][\/vc_column]<\/p>\n<p>[vc_column width=\u00bb3\/4&#8243;][vc_column_text]<\/p>\n<h3><strong>Talleres para despertar conciencia ambiental<\/strong><\/h3>\n<p><strong>En el marco del Mes Mundial del Ambiente, Qi Argentina da inicio a talleres en escuelas p\u00fablicas y privadas.<\/strong><\/p>\n<p>Desde Qi Argentina iniciamos una serie de talleres gratuitos con el prop\u00f3sito de expandir conciencia ambiental en alumnos de escuelas p\u00fablicas y privadas de CABA y de distintas localidades del GBA.<br \/>\nEn el nivel inicial y primario el taller Guardianes del Planeta propone, a trav\u00e9s de distintas actividades l\u00fadicas, incorporar h\u00e1bitos a favor del planeta. Cada participante recibe su diploma de \u201cGuardi\u00e1n del Planeta\u201d junto con Tips para implementar en familia, y una capa de \u201cguardi\u00e1n\u201d confeccionada con bolsas, desecho de las empresas Dame Man\u00ed y Zafr\u00e1n, a las cuales se les da una nueva vida.<br \/>\nEl Taller Ecofeminismo en nivel secundario, brinda informaci\u00f3n sobre el colectivo y genera un espacio para conversar respecto a las problem\u00e1ticas que atraviesan los estudiantes en cuestiones de g\u00e9nero y temores sobre su futuro en t\u00e9rminos ambientales, brindando herramientas concretas para defender su derecho a la igualdad de oportunidades y a vivir en un ambiente sano.<br \/>\nLos productos de gesti\u00f3n menstrual tienen costos no visibilizados que profundizan la desigualdad de g\u00e9nero. Gesti\u00f3n menstrual para m\u00e1s igualdad es un taller para personas menstruantes que busca garantizar el acceso a la salud menstrual para cuidar a las personas y al ambiente. Luego de una charla con la Dra. Gabriela Percossi, ginec\u00f3loga y miembro de nuestra organizaci\u00f3n, cada asistente recibe una copa menstrual, donadas por la marca Real Cup.<br \/>\nConsult\u00e1 por \u00e9stos y otros talleres de educaci\u00f3n ambiental en info@qiarg.org Los mismos se desarrollan tanto en la comunidad como en organizaciones p\u00fablicas y privadas.<br \/>\n[\/vc_column_text][\/vc_column]<br \/>\n[\/vc_row]<\/p>\n<p>&nbsp;<\/p>\n<p>[vc_row]<br \/>\n[vc_column width=\u00bb1\/4&#8243;][vc_column_text]<br \/>\n<img decoding=\"async\" loading=\"lazy\" class=\"foto-seccion alignnone wp-image-3017 size-medium\" style=\"margin-bottom: 25px;\" src=\"https:\/\/qiarg.org\/magazine\/wp-content\/uploads\/2023\/09\/Karun-copy-300x200.jpg\" alt=\"\" width=\"300\" height=\"200\" srcset=\"https:\/\/qiarg.org\/magazine\/wp-content\/uploads\/2023\/09\/Karun-copy-300x200.jpg 300w, https:\/\/qiarg.org\/magazine\/wp-content\/uploads\/2023\/09\/Karun-copy.jpg 567w\" sizes=\"(max-width: 300px) 100vw, 300px\" \/><br \/>\n[\/vc_column_text][\/vc_column]<\/p>\n<p>[vc_column width=\u00bb3\/4&#8243;][vc_column_text]<\/p>\n<h3><strong>Libre de pl\u00e1stico<\/strong><\/h3>\n<p><strong>La marca de anteojos sustentables Kar\u00fcn presenta nuevo packaging para reducir su huella.<\/strong><\/p>\n<p>La empresa B chilena que marca tendencia con sus armazones de material 100% reciclado, ratificando su compromiso con el cuidado del ambiente y con el objetivo de reducir su huella de carbono, desarroll\u00f3 un estuche 70% de cuero reciclado de preconsumo y 30% de poliuretano certificado por Control Uni\u00f3n. La caja contenedora es de cart\u00f3n reciclado FSC.<br \/>\n[\/vc_column_text][\/vc_column]<br \/>\n[\/vc_row]<\/p>\n<p>&nbsp;<\/p>\n<p>[vc_row]<br \/>\n[vc_column width=\u00bb1\/4&#8243;][vc_column_text]<br \/>\n<img decoding=\"async\" loading=\"lazy\" class=\"foto-seccion alignnone wp-image-3019 size-full\" src=\"https:\/\/qiarg.org\/magazine\/wp-content\/uploads\/2023\/09\/Samsung_Heladera-copy.jpg\" alt=\"\" width=\"283\" height=\"283\" srcset=\"https:\/\/qiarg.org\/magazine\/wp-content\/uploads\/2023\/09\/Samsung_Heladera-copy.jpg 283w, https:\/\/qiarg.org\/magazine\/wp-content\/uploads\/2023\/09\/Samsung_Heladera-copy-150x150.jpg 150w, https:\/\/qiarg.org\/magazine\/wp-content\/uploads\/2023\/09\/Samsung_Heladera-copy-75x75.jpg 75w\" sizes=\"(max-width: 283px) 100vw, 283px\" \/><br \/>\n[\/vc_column_text][\/vc_column]<\/p>\n<p>[vc_column width=\u00bb3\/4&#8243;][vc_column_text]<\/p>\n<h3><strong>Un cambio por algo mejor<\/strong><\/h3>\n<p><strong>En el mes del ambiente Samsung comparte sus esfuerzos por un planeta m\u00e1s sostenible.<\/strong><\/p>\n<p>Desde una cadena de producci\u00f3n sustentable, pasando por el programa de recambio sostenible, la utilizaci\u00f3n de materiales reciclables, el desarrollo de productos m\u00e1s eficientes energ\u00e9ticamente y una garant\u00eda de 20 a\u00f1os en la tecnolog\u00eda de los motores y compresores Digital Inverter; son algunas de las acciones con las que la compa\u00f1\u00eda refuerza a diario su compromiso con el ambiente. Busca adem\u00e1s, concientizar en relaci\u00f3n a c\u00f3mo cada acci\u00f3n diaria es capaz de transformar el futuro del planeta Tierra, alentando a los consumidores a contribuir activamente.<br \/>\n[\/vc_column_text][\/vc_column]<br \/>\n[\/vc_row]<\/p>\n<p>&nbsp;<\/p>\n<p>[vc_row]<br \/>\n[vc_column width=\u00bb1\/4&#8243;][vc_column_text]<br \/>\n<img decoding=\"async\" loading=\"lazy\" class=\"foto-seccion alignnone wp-image-3018 size-full\" src=\"https:\/\/qiarg.org\/magazine\/wp-content\/uploads\/2023\/09\/MicelioQuilmes-copy.jpg\" alt=\"\" width=\"283\" height=\"271\" \/><br \/>\n[\/vc_column_text][\/vc_column]<\/p>\n<p>[vc_column width=\u00bb3\/4&#8243;][vc_column_text]<\/p>\n<h3><strong>Resignificar los residuos<\/strong><\/h3>\n<p><strong>Micelio Bio y Cervecer\u00eda y Malter\u00eda Quilmes sellaron una alianza para producir hongos comestibles.<\/strong><\/p>\n<p>Micelio Bio es una empresa de biotecnolog\u00eda nacida con el prop\u00f3sito de producir hongos comestibles a partir del bagazo de cebada que se genera durante la elaboraci\u00f3n de cerveza. Se trata de un proyecto de triple impacto que articula el mun do cient\u00edficotecnol\u00f3gico con el productivo y social y que requiri\u00f3 una inversi\u00f3n de 50 millones de pesos, de los cuales Cervecer\u00eda y Malter\u00eda Quilmes aport\u00f3 15 millones, para la construcci\u00f3n de una planta productiva en Chascom\u00fas. Adem\u00e1s de hongos, la empresa comercializa kits de autoproducci\u00f3n y brinda capacitaciones y consultor\u00edas de asistencia t\u00e9cnica a emprendedores.<br \/>\n[\/vc_column_text][\/vc_column]<br \/>\n[\/vc_row]<\/p>\n<p>&nbsp;<\/p>\n<p>[vc_row]<br \/>\n[vc_column width=\u00bb1\/4&#8243;][vc_column_text]<br \/>\n<img decoding=\"async\" loading=\"lazy\" class=\"foto-seccion alignnone wp-image-3014 size-medium\" src=\"https:\/\/qiarg.org\/magazine\/wp-content\/uploads\/2023\/09\/Arcor-272x300.jpg\" alt=\"\" width=\"272\" height=\"300\" srcset=\"https:\/\/qiarg.org\/magazine\/wp-content\/uploads\/2023\/09\/Arcor-272x300.jpg 272w, https:\/\/qiarg.org\/magazine\/wp-content\/uploads\/2023\/09\/Arcor.jpg 451w\" sizes=\"(max-width: 272px) 100vw, 272px\" \/><br \/>\n[\/vc_column_text][\/vc_column]<\/p>\n<p>[vc_column width=\u00bb3\/4&#8243;][vc_column_text]<\/p>\n<h3><strong>Vivir mejor<\/strong><\/h3>\n<p><strong>Arcor present\u00f3 su Reporte de Sustentabilidad 2022.<\/strong><\/p>\n<p>Esta nueva edici\u00f3n detalla los avances de la Estrategia de Sustentabilidad 2030 Vivir Mejor que la compa\u00f1\u00eda lanz\u00f3 en 2022 como respuesta a los grandes desaf\u00edos que enfrenta la agenda global para los pr\u00f3ximos a\u00f1os, y con el prop\u00f3sito de continuar haciendo crecer su negocio dejando una huella positiva en las personas y en el planeta. El Grupo Arcor, a trav\u00e9s de los logros materializados el \u00faltimo a\u00f1o en la gesti\u00f3n de su negocio y en el trabajo conjunto con todos los actores de su cadena de valor, reafirma as\u00ed su compromiso con el desarrollo sustentable.<br \/>\n[\/vc_column_text][\/vc_column]<br \/>\n[\/vc_row]<\/p>\n<p>&nbsp;<\/p>\n<p>[vc_row]<br \/>\n[vc_column width=\u00bb1\/4&#8243;][vc_column_text]<br \/>\n<img decoding=\"async\" loading=\"lazy\" class=\"foto-seccion alignnone wp-image-3015 size-medium\" src=\"https:\/\/qiarg.org\/magazine\/wp-content\/uploads\/2023\/09\/Goodyear_-1-300x200.jpg\" alt=\"\" width=\"300\" height=\"200\" srcset=\"https:\/\/qiarg.org\/magazine\/wp-content\/uploads\/2023\/09\/Goodyear_-1-300x200.jpg 300w, https:\/\/qiarg.org\/magazine\/wp-content\/uploads\/2023\/09\/Goodyear_-1-1024x683.jpg 1024w, https:\/\/qiarg.org\/magazine\/wp-content\/uploads\/2023\/09\/Goodyear_-1-768x512.jpg 768w\" sizes=\"(max-width: 300px) 100vw, 300px\" \/><br \/>\n[\/vc_column_text][\/vc_column]<\/p>\n<p>[vc_column width=\u00bb3\/4&#8243;][vc_column_text]<\/p>\n<h3><strong>Camino a la sustentabilidad<\/strong><\/h3>\n<p><strong>Goodyear se afianza en su rol como agente de cambio para proteger el ambiente.<\/strong><\/p>\n<p>Junto a su red de distribuci\u00f3n, Goodyear Argentina particip\u00f3 con el equipo de ReforestArg de una nueva plantaci\u00f3n donando 1000 \u00e1rboles nativos para el bosque ubicado en Cholila, provincia de Chubut. La alianza entre la compa\u00f1\u00eda de neum\u00e1ticos y la ONG comenz\u00f3 en 2022 con el objetivo de participar en la recuperaci\u00f3n de los bosques afectados por incendios forestales en nuestro pa\u00eds. Hoy, ya son m\u00e1s de 9.500 \u00e1rboles plantados conjuntamente en el bosque andino patag\u00f3nico.<br \/>\n[\/vc_column_text][\/vc_column]<br \/>\n[\/vc_row]<\/p>\n<p>&nbsp;<\/p>\n<p>[vc_row]<br \/>\n[vc_column width=\u00bb1\/4&#8243;][vc_column_text]<br \/>\n<img decoding=\"async\" loading=\"lazy\" class=\"foto-seccion alignleft wp-image-3021 size-medium\" src=\"https:\/\/qiarg.org\/magazine\/wp-content\/uploads\/2023\/09\/Tetrapack_1-300x129.png\" alt=\"\" width=\"300\" height=\"129\" srcset=\"https:\/\/qiarg.org\/magazine\/wp-content\/uploads\/2023\/09\/Tetrapack_1-300x129.png 300w, https:\/\/qiarg.org\/magazine\/wp-content\/uploads\/2023\/09\/Tetrapack_1-1024x439.png 1024w, https:\/\/qiarg.org\/magazine\/wp-content\/uploads\/2023\/09\/Tetrapack_1-768x329.png 768w, https:\/\/qiarg.org\/magazine\/wp-content\/uploads\/2023\/09\/Tetrapack_1-1536x658.png 1536w, https:\/\/qiarg.org\/magazine\/wp-content\/uploads\/2023\/09\/Tetrapack_1-2048x878.png 2048w, https:\/\/qiarg.org\/magazine\/wp-content\/uploads\/2023\/09\/Tetrapack_1-750x321.png 750w, https:\/\/qiarg.org\/magazine\/wp-content\/uploads\/2023\/09\/Tetrapack_1-1140x488.png 1140w\" sizes=\"(max-width: 300px) 100vw, 300px\" \/><br \/>\n[\/vc_column_text][\/vc_column]<\/p>\n<p>[vc_column width=\u00bb3\/4&#8243;][vc_column_text]<\/p>\n<h3><strong>Avanzando hacia la meta<\/strong><\/h3>\n<p><strong>Tetra Pak\u00ae con paso firme se aproxima a su objetivo para 2030.<\/strong><\/p>\n<p>En el marco de su meta cero emisiones netas de CO2 para 2030, la compa\u00f1\u00eda l\u00edder mundial en el procesamiento y envasado de alimentos, durante el 2022 logr\u00f3 hitos ambientales significativos: redujo sus emisiones de gases de efecto invernadero un 39% respecto al a\u00f1o 2019, rehabilit\u00f3 m\u00e1s de 80 hect\u00e1reas de terreno, el 84% de la energ\u00eda utilizada en sus operaciones fue de fuentes renovables, lider\u00f3 la recolecci\u00f3n y reciclaje de 1,2 millones de toneladas de envases de cart\u00f3n, y obtuvo la calificaci\u00f3n \u201cA\u201d en cambio clim\u00e1tico por parte de CDP, una organizaci\u00f3n ambiental global sin fines de lucro.<br \/>\n[\/vc_column_text][\/vc_column]<br \/>\n[\/vc_row]<\/p>\n<p>&nbsp;<\/p>\n<p>[vc_row]<br \/>\n[vc_column width=\u00bb1\/4&#8243;][vc_column_text]<br \/>\n<img decoding=\"async\" loading=\"lazy\" class=\"foto-seccion alignleft wp-image-3020 size-medium\" src=\"https:\/\/qiarg.org\/magazine\/wp-content\/uploads\/2023\/09\/Tacha-lo-que-no-queres-300x258.png\" alt=\"\" width=\"300\" height=\"258\" srcset=\"https:\/\/qiarg.org\/magazine\/wp-content\/uploads\/2023\/09\/Tacha-lo-que-no-queres-300x258.png 300w, https:\/\/qiarg.org\/magazine\/wp-content\/uploads\/2023\/09\/Tacha-lo-que-no-queres-768x661.png 768w, https:\/\/qiarg.org\/magazine\/wp-content\/uploads\/2023\/09\/Tacha-lo-que-no-queres-750x646.png 750w, https:\/\/qiarg.org\/magazine\/wp-content\/uploads\/2023\/09\/Tacha-lo-que-no-queres.png 858w\" sizes=\"(max-width: 300px) 100vw, 300px\" \/><br \/>\n[\/vc_column_text][\/vc_column]<\/p>\n<p>[vc_column width=\u00bb3\/4&#8243;][vc_column_text]<\/p>\n<h3><strong>Tach\u00e1 lo que no quer\u00e9s<\/strong><\/h3>\n<p><strong>NotCo revoluciona el mundo de los l\u00e1cteos con su nueva campa\u00f1a.<\/strong><\/p>\n<p>La foodtech l\u00edder de la regi\u00f3n que utiliza su propia tecnolog\u00eda de inteligen cia artificial Giuseppe para crear alimentos plantbased, present\u00f3 su nueva campa\u00f1a de productos alternativos a los l\u00e1cteos. NotCo nos desaf\u00eda a tachar y sacar al animal de nuestra alimentaci\u00f3n diaria, a sacar todo eso que no queremos y quedarnos s\u00f3lo con lo que m\u00e1s nos gusta. Nos alienta a probar el cambio que, no solo significar\u00e1 un cambio a favor del planeta, sino tambi\u00e9n un cambio positivo para nosotros. En el pa\u00eds ya asciende a 4% la poblaci\u00f3n vegana, y la predisposici\u00f3n en consumidores de productos l\u00e1cteos a consumir opciones plantbased contin\u00faa en alza.<br \/>\n[\/vc_column_text][\/vc_column]<br \/>\n[\/vc_row]<\/p>\n","protected":false},"excerpt":{"rendered":"<p>[vc_row] [vc_column width=\u00bb1\/4&#8243;][vc_column_text] [\/vc_column_text][\/vc_column] [vc_column width=\u00bb3\/4&#8243;][vc_column_text] Talleres para despertar conciencia ambiental En el marco del Mes Mundial del Ambiente, Qi Argentina da inicio a talleres en escuelas p\u00fablicas y privadas. Desde Qi Argentina iniciamos una serie de talleres gratuitos con el prop\u00f3sito de expandir conciencia ambiental en alumnos de escuelas p\u00fablicas y privadas de CABA [&hellip;]<\/p>\n","protected":false},"author":3,"featured_media":0,"comment_status":"closed","ping_status":"closed","sticky":false,"template":"","format":"standard","meta":[],"categories":[147],"tags":[],"acf":[],"_links":{"self":[{"href":"https:\/\/qiarg.org\/magazine\/wp-json\/wp\/v2\/posts\/3016"}],"collection":[{"href":"https:\/\/qiarg.org\/magazine\/wp-json\/wp\/v2\/posts"}],"about":[{"href":"https:\/\/qiarg.org\/magazine\/wp-json\/wp\/v2\/types\/post"}],"author":[{"embeddable":true,"href":"https:\/\/qiarg.org\/magazine\/wp-json\/wp\/v2\/users\/3"}],"replies":[{"embeddable":true,"href":"https:\/\/qiarg.org\/magazine\/wp-json\/wp\/v2\/comments?post=3016"}],"version-history":[{"count":3,"href":"https:\/\/qiarg.org\/magazine\/wp-json\/wp\/v2\/posts\/3016\/revisions"}],"predecessor-version":[{"id":3137,"href":"https:\/\/qiarg.org\/magazine\/wp-json\/wp\/v2\/posts\/3016\/revisions\/3137"}],"wp:attachment":[{"href":"https:\/\/qiarg.org\/magazine\/wp-json\/wp\/v2\/media?parent=3016"}],"wp:term":[{"taxonomy":"category","embeddable":true,"href":"https:\/\/qiarg.org\/magazine\/wp-json\/wp\/v2\/categories?post=3016"},{"taxonomy":"post_tag","embeddable":true,"href":"https:\/\/qiarg.org\/magazine\/wp-json\/wp\/v2\/tags?post=3016"}],"curies":[{"name":"wp","href":"https:\/\/api.w.org\/{rel}","templated":true}]}}