{"id":2921,"date":"2023-09-19T09:42:06","date_gmt":"2023-09-19T12:42:06","guid":{"rendered":"https:\/\/qiarg.org\/magazine\/?p=2921"},"modified":"2023-09-19T18:21:59","modified_gmt":"2023-09-19T21:21:59","slug":"reciclar-importa","status":"publish","type":"post","link":"https:\/\/qiarg.org\/magazine\/reciclar-importa\/","title":{"rendered":"Mir\u00e1"},"content":{"rendered":"<p><strong>Reciclar importa<\/strong><\/p>\n<p>\u201cHace treinta a\u00f1os, en un viaje a M\u00e9xico, me sorprendi\u00f3 ver que en todos lados hab\u00eda dos tachos de basura. Yo no entend\u00eda por qu\u00e9, hasta que me explicaron que separaban los residuos. Me llam\u00f3 la atenci\u00f3n, porque ac\u00e1 nada de eso pasaba. Personalmente me parece muy importante separar pl\u00e1sticos y otros residuos reciclables, y lo hago desde hace m\u00e1s de una d\u00e9cada. Me molesta cuando encuentro lugares donde tiran todo junto. Tambi\u00e9n me cuido mucho de no desperdiciar agua. En otras \u00e9pocas abr\u00eda la ducha y me daba unos ba\u00f1os largos&#8230; Y aunque me encanta, ahora me ba\u00f1o r\u00e1pido. A la hora de lavar los platos, primero enjabono la vajilla y en un segundo paso enjuago todo. Una costumbre que tengo de toda la vida es guardar los papelitos en la cartera. \u00a1Es un peque\u00f1o basurero! (se r\u00ede) A veces veo como la gente tira cosas desde sus autos, a la calle, sin tener conciencia de que la ciudad es de todos y debemos mantenerla limpia. Siempre me pregunto&#8230; \u00bfHar\u00e1n lo mismo en sus casas?\u201d<\/p>\n<div class=\"campo-autor-fotografo\">POR:<strong> XIMENA PASCUTTI<\/strong><\/div>\n<div>FOTO: <strong>CHRIS BELIERA<\/strong> (Editorial Atl\u00e1ntida)<\/div>\n<p><img decoding=\"async\" loading=\"lazy\" class=\"alignnone wp-image-2922 size-full\" src=\"https:\/\/qiarg.org\/magazine\/wp-content\/uploads\/2023\/09\/karina.jpg\" alt=\"\" width=\"1772\" height=\"2056\" srcset=\"https:\/\/qiarg.org\/magazine\/wp-content\/uploads\/2023\/09\/karina.jpg 1772w, https:\/\/qiarg.org\/magazine\/wp-content\/uploads\/2023\/09\/karina-259x300.jpg 259w, https:\/\/qiarg.org\/magazine\/wp-content\/uploads\/2023\/09\/karina-883x1024.jpg 883w, https:\/\/qiarg.org\/magazine\/wp-content\/uploads\/2023\/09\/karina-768x891.jpg 768w, https:\/\/qiarg.org\/magazine\/wp-content\/uploads\/2023\/09\/karina-1324x1536.jpg 1324w, https:\/\/qiarg.org\/magazine\/wp-content\/uploads\/2023\/09\/karina-1765x2048.jpg 1765w, https:\/\/qiarg.org\/magazine\/wp-content\/uploads\/2023\/09\/karina-750x870.jpg 750w, https:\/\/qiarg.org\/magazine\/wp-content\/uploads\/2023\/09\/karina-1140x1323.jpg 1140w\" sizes=\"(max-width: 1772px) 100vw, 1772px\" \/><\/p>\n<p><strong>Karina Mazzocco.<\/strong> Reconocida actriz, modelo y conductora televisiva. Desde 2021 est\u00e1 al frente del magazine de actualidad y espect\u00e1culos \u201cA la tarde\u201d, por Am\u00e9rica TV, donde tambi\u00e9n aborda b\u00fasquedas y cuestiones vinculadas con la identidad. Como actriz se destac\u00f3 en muchas telenovelas, entre ellas Padre Coraje (2004), Sin c\u00f3digo (2005) y Vidas robadas (2008), todas por El Trece. Pero el programa que la coron\u00f3 en el mundo televisivo fue De a dos (1998), por Am\u00e9rica, el primero de la televisi\u00f3n abierta en proponer a los invitados a hablar de sexo con libertad y de manera inclusiva.<\/p>\n","protected":false},"excerpt":{"rendered":"<p>Reciclar importa \u201cHace treinta a\u00f1os, en un viaje a M\u00e9xico, me sorprendi\u00f3 ver que en todos lados hab\u00eda dos tachos de basura. Yo no entend\u00eda por qu\u00e9, hasta que me explicaron que separaban los residuos. Me llam\u00f3 la atenci\u00f3n, porque ac\u00e1 nada de eso pasaba. Personalmente me parece muy importante separar pl\u00e1sticos y otros residuos [&hellip;]<\/p>\n","protected":false},"author":3,"featured_media":0,"comment_status":"closed","ping_status":"closed","sticky":false,"template":"","format":"standard","meta":[],"categories":[145],"tags":[],"acf":[],"_links":{"self":[{"href":"https:\/\/qiarg.org\/magazine\/wp-json\/wp\/v2\/posts\/2921"}],"collection":[{"href":"https:\/\/qiarg.org\/magazine\/wp-json\/wp\/v2\/posts"}],"about":[{"href":"https:\/\/qiarg.org\/magazine\/wp-json\/wp\/v2\/types\/post"}],"author":[{"embeddable":true,"href":"https:\/\/qiarg.org\/magazine\/wp-json\/wp\/v2\/users\/3"}],"replies":[{"embeddable":true,"href":"https:\/\/qiarg.org\/magazine\/wp-json\/wp\/v2\/comments?post=2921"}],"version-history":[{"count":1,"href":"https:\/\/qiarg.org\/magazine\/wp-json\/wp\/v2\/posts\/2921\/revisions"}],"predecessor-version":[{"id":2923,"href":"https:\/\/qiarg.org\/magazine\/wp-json\/wp\/v2\/posts\/2921\/revisions\/2923"}],"wp:attachment":[{"href":"https:\/\/qiarg.org\/magazine\/wp-json\/wp\/v2\/media?parent=2921"}],"wp:term":[{"taxonomy":"category","embeddable":true,"href":"https:\/\/qiarg.org\/magazine\/wp-json\/wp\/v2\/categories?post=2921"},{"taxonomy":"post_tag","embeddable":true,"href":"https:\/\/qiarg.org\/magazine\/wp-json\/wp\/v2\/tags?post=2921"}],"curies":[{"name":"wp","href":"https:\/\/api.w.org\/{rel}","templated":true}]}}