{"id":2501,"date":"2023-02-09T20:46:01","date_gmt":"2023-02-09T23:46:01","guid":{"rendered":"https:\/\/qiarg.org\/magazine\/?p=2501"},"modified":"2023-02-17T10:46:16","modified_gmt":"2023-02-17T13:46:16","slug":"vistas-7","status":"publish","type":"post","link":"https:\/\/qiarg.org\/magazine\/vistas-7\/","title":{"rendered":"Vistas+"},"content":{"rendered":"<p>[vc_row]<br \/>\n[vc_column width=\u00bb1\/4&#8243;][vc_column_text]<br \/>\n<img decoding=\"async\" loading=\"lazy\" class=\"foto-seccion alignleft wp-image-2503 size-medium\" src=\"https:\/\/qiarg.org\/magazine\/wp-content\/uploads\/2023\/02\/Foto_Qi-Hilton-300x149.jpg\" alt=\"\" width=\"300\" height=\"149\" srcset=\"https:\/\/qiarg.org\/magazine\/wp-content\/uploads\/2023\/02\/Foto_Qi-Hilton-300x149.jpg 300w, https:\/\/qiarg.org\/magazine\/wp-content\/uploads\/2023\/02\/Foto_Qi-Hilton-360x180.jpg 360w, https:\/\/qiarg.org\/magazine\/wp-content\/uploads\/2023\/02\/Foto_Qi-Hilton.jpg 431w\" sizes=\"(max-width: 300px) 100vw, 300px\" \/><br \/>\n[\/vc_column_text][\/vc_column]<\/p>\n<p>[vc_column width=\u00bb3\/4&#8243;][vc_column_text]<\/p>\n<h3><strong>Qi Argentina y Hilton Buenos Aires presentan Argentina Nativa<\/strong><\/h3>\n<p><strong>A partir del 27 de septiembre, en el ic\u00f3nico hotel de Puerto Madero, se podr\u00e1 visitar la muestra fotogr\u00e1fica de Dar\u00edo Podest\u00e1.<\/strong><\/p>\n<p>Para conmemorar el D\u00eda Nacional de la Conciencia Ambiental que se celebra el 27 de septiembre, Hilton Buenos Aires program\u00f3 la inauguraci\u00f3n de la muestra del reconocido bi\u00f3logo y fot\u00f3grafo de vida silvestre, miembro del CONICET y presidente de AFONA (Asociaci\u00f3n Argentina de Fot\u00f3grafos de Naturaleza). Organizada por Qi Argentina en el marco de su Ciclo Exposiciones y Experiencias Art\u00edsticas, la muestra cuenta con el auspicio de Ledesma NAT y AySA.<\/p>\n<p>Convencidos del poder del arte y la experiencia como agentes de cambio para lograr una verdadera transformaci\u00f3n cultural, desde Qi Argentina proponemos interpelar, transmitir valores y reflejar toda la belleza y fragilidad de nuestro mundo. Sensibilizar y despertar emociones que contribuyan a crear conciencia acerca de la importancia de preservar el patrimonio natural, inspirar y motivar para la acci\u00f3n.<\/p>\n<p>La muestra cuenta con un rinc\u00f3n para la ni\u00f1ez, con una exposici\u00f3n de fotos intervenidas con divertidas ilustraciones de animales aut\u00f3ctonos de Gustavo Lozano y un espacio para dibujar y colorear en el que tendr\u00e1n acceso a los libros \u201cAnimales Aut\u00f3ctonos para ni\u00f1os nativos\u201d y juegos de la misma colecci\u00f3n para aprender y entretenerse.<\/p>\n<p>Argentina Nativa se podr\u00e1 visitar hasta el 30 de noviembre en el Lobby del hotel con entrada libre y gratuita.<br \/>\n[\/vc_column_text][\/vc_column]<br \/>\n[\/vc_row]<\/p>\n<p>&nbsp;<\/p>\n<p>[vc_row]<br \/>\n[vc_column width=\u00bb1\/4&#8243;][vc_column_text]<br \/>\n<img decoding=\"async\" loading=\"lazy\" class=\"foto-seccion alignleft wp-image-2508 size-medium\" src=\"https:\/\/qiarg.org\/magazine\/wp-content\/uploads\/2023\/02\/Foto_Ucema-en-baja-300x200.jpg\" alt=\"\" width=\"300\" height=\"200\" srcset=\"https:\/\/qiarg.org\/magazine\/wp-content\/uploads\/2023\/02\/Foto_Ucema-en-baja-300x200.jpg 300w, https:\/\/qiarg.org\/magazine\/wp-content\/uploads\/2023\/02\/Foto_Ucema-en-baja-1024x682.jpg 1024w, https:\/\/qiarg.org\/magazine\/wp-content\/uploads\/2023\/02\/Foto_Ucema-en-baja-768x512.jpg 768w, https:\/\/qiarg.org\/magazine\/wp-content\/uploads\/2023\/02\/Foto_Ucema-en-baja-1536x1024.jpg 1536w, https:\/\/qiarg.org\/magazine\/wp-content\/uploads\/2023\/02\/Foto_Ucema-en-baja-750x500.jpg 750w, https:\/\/qiarg.org\/magazine\/wp-content\/uploads\/2023\/02\/Foto_Ucema-en-baja-1140x760.jpg 1140w, https:\/\/qiarg.org\/magazine\/wp-content\/uploads\/2023\/02\/Foto_Ucema-en-baja.jpg 2000w\" sizes=\"(max-width: 300px) 100vw, 300px\" \/><br \/>\n[\/vc_column_text][\/vc_column]<\/p>\n<p>[vc_column width=\u00bb3\/4&#8243;][vc_column_text]<\/p>\n<h3><strong>Un premio para los que hacen<\/strong><\/h3>\n<p><strong>Convocatoria para participar del Premio UCEMA Impacto Digital Sostenible.<\/strong><\/p>\n<p>En busca de inspirar a los creadores del cambio, premiarlos y generar un impacto real a trav\u00e9s de lo digital, la Universidad del CEMA por segundo a\u00f1o consecutivo presenta el Premio UCEMA Impacto Digital<br \/>\nSostenible con el que premiar\u00e1 creaciones digitales sostenibles nacidas en LATAM. Pueden participar emprendimientos, empresas, l\u00edneas de negocios internas, fundaciones y asociaciones de bien p\u00fablico. Encontr\u00e1 las bases y condiciones en<br \/>\n<a href=\"https:\/\/ucema.edu.ar\/posgrado\/negocios-digitales\/premio-ids\">https:\/\/ucema.edu.ar\/posgrado\/negocios-digitales\/premio-ids<\/a><br \/>\n[\/vc_column_text][\/vc_column]<br \/>\n[\/vc_row]<\/p>\n<p>&nbsp;<\/p>\n<p>[vc_row]<br \/>\n[vc_column width=\u00bb1\/4&#8243;][vc_column_text]<br \/>\n<img decoding=\"async\" loading=\"lazy\" class=\"foto-seccion alignleft wp-image-2504 size-medium\" src=\"https:\/\/qiarg.org\/magazine\/wp-content\/uploads\/2023\/02\/Foto_Quilmes-en-baja-300x200.jpg\" alt=\"\" width=\"300\" height=\"200\" srcset=\"https:\/\/qiarg.org\/magazine\/wp-content\/uploads\/2023\/02\/Foto_Quilmes-en-baja-300x200.jpg 300w, https:\/\/qiarg.org\/magazine\/wp-content\/uploads\/2023\/02\/Foto_Quilmes-en-baja-1024x682.jpg 1024w, https:\/\/qiarg.org\/magazine\/wp-content\/uploads\/2023\/02\/Foto_Quilmes-en-baja-768x512.jpg 768w, https:\/\/qiarg.org\/magazine\/wp-content\/uploads\/2023\/02\/Foto_Quilmes-en-baja-1536x1024.jpg 1536w, https:\/\/qiarg.org\/magazine\/wp-content\/uploads\/2023\/02\/Foto_Quilmes-en-baja-750x500.jpg 750w, https:\/\/qiarg.org\/magazine\/wp-content\/uploads\/2023\/02\/Foto_Quilmes-en-baja-1140x760.jpg 1140w, https:\/\/qiarg.org\/magazine\/wp-content\/uploads\/2023\/02\/Foto_Quilmes-en-baja.jpg 2000w\" sizes=\"(max-width: 300px) 100vw, 300px\" \/><br \/>\n[\/vc_column_text][\/vc_column]<\/p>\n<p>[vc_column width=\u00bb3\/4&#8243;][vc_column_text]<\/p>\n<h3><strong>Hacia la carbono neutralidad<\/strong><\/h3>\n<p><strong>Cervecer\u00eda y Malter\u00eda Quilmes anunci\u00f3 su meta de descarbonizaci\u00f3n a 2040.<\/strong><\/p>\n<p>En un evento en la Usina del Arte, planificado \u00edntegramente desde el triple impacto, y que cont\u00f3 con un panel conformado por diferentes referentes en la tem\u00e1tica; la compa\u00f1\u00eda anunci\u00f3 su ambiciosa meta que abarca a toda su cadena de valor, desde la semilla hasta los envases, y que la integran m\u00e1s de 130.000 personas.<\/p>\n<p>Mart\u00edn Ticinese, su presidente afirm\u00f3: \u201cEstamos ante uno de los mayores desaf\u00edos de innovaci\u00f3n que haya enfrentado jam\u00e1s la humanidad\u201d y agreg\u00f3: \u201cvamos a trabajar junto a nuestros equipos, a otras compa\u00f1\u00edas, a la ciencia, el tercer sector, el sector p\u00fablico, toda nuestra cadena de valor y los consumidores a trav\u00e9s de nuestras marcas para encontrar soluciones colectivas locales de escala global\u201d.<br \/>\n[\/vc_column_text][\/vc_column]<br \/>\n[\/vc_row]<\/p>\n<p>&nbsp;<\/p>\n<p>[vc_row]<br \/>\n[vc_column width=\u00bb1\/4&#8243;][vc_column_text]<br \/>\n<img decoding=\"async\" loading=\"lazy\" class=\"foto-seccion alignleft wp-image-2507 size-medium\" src=\"https:\/\/qiarg.org\/magazine\/wp-content\/uploads\/2023\/02\/Foto_Trigo-300x188.jpg\" alt=\"\" width=\"300\" height=\"188\" srcset=\"https:\/\/qiarg.org\/magazine\/wp-content\/uploads\/2023\/02\/Foto_Trigo-300x188.jpg 300w, https:\/\/qiarg.org\/magazine\/wp-content\/uploads\/2023\/02\/Foto_Trigo-768x480.jpg 768w, https:\/\/qiarg.org\/magazine\/wp-content\/uploads\/2023\/02\/Foto_Trigo-750x469.jpg 750w, https:\/\/qiarg.org\/magazine\/wp-content\/uploads\/2023\/02\/Foto_Trigo.jpg 800w\" sizes=\"(max-width: 300px) 100vw, 300px\" \/><br \/>\n[\/vc_column_text][\/vc_column]<\/p>\n<p>[vc_column width=\u00bb3\/4&#8243;][vc_column_text]<\/p>\n<h3><strong>Compromiso trigo libre de HB4<\/strong><\/h3>\n<p><strong>Empresas, organizaciones de la sociedad civil y productores lanzan una campa\u00f1a para alertar sobre el trigo transg\u00e9nico HB4.<\/strong><\/p>\n<p>La Campa\u00f1a \u201cCompromiso libre de HB4\u201d tiene como objetivo visibilizar el acuerdo firmado por parte de productores independientes, empresas alimenticias y movimientos ambientalistas para no comprar trigo transg\u00e9nico HB4 ni ning\u00fan otro trigo que no sea de origen trazable; alentando a los consumidores a sumarse a esta iniciativa.<br \/>\n[\/vc_column_text][\/vc_column]<br \/>\n[\/vc_row]<\/p>\n<p>&nbsp;<\/p>\n<p>[vc_row]<br \/>\n[vc_column width=\u00bb1\/4&#8243;][vc_column_text]<br \/>\n<img decoding=\"async\" loading=\"lazy\" class=\"foto-seccion alignleft wp-image-2509 size-medium\" src=\"https:\/\/qiarg.org\/magazine\/wp-content\/uploads\/2023\/02\/Imagen_Ecoplas-300x242.jpeg\" alt=\"\" width=\"300\" height=\"242\" srcset=\"https:\/\/qiarg.org\/magazine\/wp-content\/uploads\/2023\/02\/Imagen_Ecoplas-300x242.jpeg 300w, https:\/\/qiarg.org\/magazine\/wp-content\/uploads\/2023\/02\/Imagen_Ecoplas-768x621.jpeg 768w, https:\/\/qiarg.org\/magazine\/wp-content\/uploads\/2023\/02\/Imagen_Ecoplas-750x606.jpeg 750w, https:\/\/qiarg.org\/magazine\/wp-content\/uploads\/2023\/02\/Imagen_Ecoplas.jpeg 792w\" sizes=\"(max-width: 300px) 100vw, 300px\" \/><br \/>\n[\/vc_column_text][\/vc_column]<\/p>\n<p>[vc_column width=\u00bb3\/4&#8243;][vc_column_text]<\/p>\n<h3><strong>Separar y reciclar los residuos<\/strong><\/h3>\n<p><strong>Un estudio realizado por Opinaia para Ecoplas revela que 8 de cada 10 argentinos cree que reciclar deber\u00eda ser obligatorio.<\/strong><\/p>\n<p>La investigaci\u00f3n obtuvo datos interesantes respecto a la relaci\u00f3n de los argentinos con la separaci\u00f3n, reciclaje y econom\u00eda circular. El 64% separa los reciclables al momento de tirar los residuos. De este porcentaje, 4 de cada 10 considera que sabe c\u00f3mo hacerlo, mientras que el resto lo hace a pesar de que le falta informaci\u00f3n. Una gran mayor\u00eda coincide en la necesidad de reciclar: el 83% de quienes no se ocupan de separar residuos reconoce que le gustar\u00eda hacerlo, pero no puede por falta de infraestructura, tiempo o desconocimiento. Esto revela no solo la dificultad en el acceso a la informaci\u00f3n sino tambi\u00e9n a los centros para reciclaje. Los encuestados proponen dos medidas para lograr un mayor nivel de separaci\u00f3n de residuos en origen: implementar un incentivo econ\u00f3mico (38%) y campa\u00f1as de concientizaci\u00f3n y comunicaci\u00f3n (23%).<br \/>\n[\/vc_column_text][\/vc_column]<br \/>\n[\/vc_row]<\/p>\n<p>&nbsp;<\/p>\n<p>[vc_row]<br \/>\n[vc_column width=\u00bb1\/4&#8243;][vc_column_text]<br \/>\n<img decoding=\"async\" loading=\"lazy\" class=\"foto-seccion alignleft wp-image-2505 size-medium\" src=\"https:\/\/qiarg.org\/magazine\/wp-content\/uploads\/2023\/02\/Foto_Samsung-en-baja-300x225.jpg\" alt=\"\" width=\"300\" height=\"225\" srcset=\"https:\/\/qiarg.org\/magazine\/wp-content\/uploads\/2023\/02\/Foto_Samsung-en-baja-300x225.jpg 300w, https:\/\/qiarg.org\/magazine\/wp-content\/uploads\/2023\/02\/Foto_Samsung-en-baja-1024x768.jpg 1024w, https:\/\/qiarg.org\/magazine\/wp-content\/uploads\/2023\/02\/Foto_Samsung-en-baja-768x576.jpg 768w, https:\/\/qiarg.org\/magazine\/wp-content\/uploads\/2023\/02\/Foto_Samsung-en-baja-1536x1152.jpg 1536w, https:\/\/qiarg.org\/magazine\/wp-content\/uploads\/2023\/02\/Foto_Samsung-en-baja-750x563.jpg 750w, https:\/\/qiarg.org\/magazine\/wp-content\/uploads\/2023\/02\/Foto_Samsung-en-baja-1140x855.jpg 1140w, https:\/\/qiarg.org\/magazine\/wp-content\/uploads\/2023\/02\/Foto_Samsung-en-baja.jpg 2000w\" sizes=\"(max-width: 300px) 100vw, 300px\" \/><br \/>\n[\/vc_column_text][\/vc_column]<\/p>\n<p>[vc_column width=\u00bb3\/4&#8243;][vc_column_text]<\/p>\n<h3><strong>Hacer m\u00e1s con menos<\/strong><\/h3>\n<p><strong>Los nuevos plegables Galaxy impulsan un futuro m\u00e1s sustentable.<\/strong><\/p>\n<p>La nueva serie Galaxy Z y los Galaxy Buds2 Pro son un gran avance en el desaf\u00edo de crear nuevas formas de reciclar y reutilizar recursos. M\u00e1s de 640 mil toneladas de redes de pesca son desechadas cada a\u00f1o, y la tecnolog\u00eda Galaxy hizo posible transformarlas en un material de alto rendimiento que es utilizado en la fabricaci\u00f3n de sus dispositivos. Samsung colabora as\u00ed, a minimizar los efectos de la contaminaci\u00f3n pl\u00e1stica: un 90% de los nuevos Galaxy Buds2 Pro son fabricados con materiales reciclados.<br \/>\n[\/vc_column_text][\/vc_column]<br \/>\n[\/vc_row]<\/p>\n<p>&nbsp;<\/p>\n<p>[vc_row]<br \/>\n[vc_column width=\u00bb1\/4&#8243;][vc_column_text]<br \/>\n<img decoding=\"async\" loading=\"lazy\" class=\"foto-seccion alignleft wp-image-2506 size-medium\" src=\"https:\/\/qiarg.org\/magazine\/wp-content\/uploads\/2023\/02\/Foto_Toyota-300x202.jpg\" alt=\"\" width=\"300\" height=\"202\" srcset=\"https:\/\/qiarg.org\/magazine\/wp-content\/uploads\/2023\/02\/Foto_Toyota-300x202.jpg 300w, https:\/\/qiarg.org\/magazine\/wp-content\/uploads\/2023\/02\/Foto_Toyota-1024x691.jpg 1024w, https:\/\/qiarg.org\/magazine\/wp-content\/uploads\/2023\/02\/Foto_Toyota-768x518.jpg 768w, https:\/\/qiarg.org\/magazine\/wp-content\/uploads\/2023\/02\/Foto_Toyota-1536x1036.jpg 1536w, https:\/\/qiarg.org\/magazine\/wp-content\/uploads\/2023\/02\/Foto_Toyota-750x506.jpg 750w, https:\/\/qiarg.org\/magazine\/wp-content\/uploads\/2023\/02\/Foto_Toyota-1140x769.jpg 1140w, https:\/\/qiarg.org\/magazine\/wp-content\/uploads\/2023\/02\/Foto_Toyota.jpg 1763w\" sizes=\"(max-width: 300px) 100vw, 300px\" \/><br \/>\n[\/vc_column_text][\/vc_column]<\/p>\n<p>[vc_column width=\u00bb3\/4&#8243;][vc_column_text]<\/p>\n<h3><strong>Desaf\u00edo ambiental<\/strong><\/h3>\n<p><strong>Proveedoras de Toyota Argentina abastecer\u00e1n el 80% de su demanda con energ\u00eda renovable de YPF Luz.<\/strong><\/p>\n<p>La autopartista japonesa Toyota Boshoku Argentina y la textil japonesa Sewtech Argentina, firmaron un acuerdo por 5 a\u00f1os con YPF Luz quien proveer\u00e1 la energ\u00eda desde el Parque Solar Zonda, el primero de la compa\u00f1\u00eda, ubicado en la provincia de San Juan y cuya inauguraci\u00f3n se estima para comienzos de 2023. En 2015, Toyota asumi\u00f3 el desaf\u00edo de alcanzar la neutralidad en carbono antes de 2050 en todo el ciclo de vida de sus productos, por eso el enfoque de cero emisiones contempla tambi\u00e9n a toda su cadena de valor.<br \/>\n[\/vc_column_text][\/vc_column]<br \/>\n[\/vc_row]<\/p>\n<p>&nbsp;<\/p>\n<p>[vc_row]<br \/>\n[vc_column width=\u00bb1\/4&#8243;][vc_column_text]<br \/>\n<img decoding=\"async\" loading=\"lazy\" class=\"foto-seccion alignleft wp-image-2502 size-medium\" src=\"https:\/\/qiarg.org\/magazine\/wp-content\/uploads\/2023\/02\/Foto_Corona-300x200.jpeg\" alt=\"\" width=\"300\" height=\"200\" srcset=\"https:\/\/qiarg.org\/magazine\/wp-content\/uploads\/2023\/02\/Foto_Corona-300x200.jpeg 300w, https:\/\/qiarg.org\/magazine\/wp-content\/uploads\/2023\/02\/Foto_Corona-768x512.jpeg 768w, https:\/\/qiarg.org\/magazine\/wp-content\/uploads\/2023\/02\/Foto_Corona-750x500.jpeg 750w, https:\/\/qiarg.org\/magazine\/wp-content\/uploads\/2023\/02\/Foto_Corona.jpeg 1024w\" sizes=\"(max-width: 300px) 100vw, 300px\" \/><br \/>\n[\/vc_column_text][\/vc_column]<\/p>\n<p>[vc_column width=\u00bb3\/4&#8243;][vc_column_text]<\/p>\n<h3><strong>Una isla para conectar con la naturaleza<\/strong><\/h3>\n<p>Con gen responsable y natural, Cerveza Corona anuncia la apertura de su \u00edntimo oasis colombiano. Como parte de su programa \u201cBlue Standard\u201d, la ONG Oceanic Global, la reconoci\u00f3 con una verificaci\u00f3n \u00fanica por ser un espacio 100% libre de pl\u00e1stico y adoptar pr\u00e1cticas sustentables a gran escala.<br \/>\n[\/vc_column_text][\/vc_column]<br \/>\n[\/vc_row]<\/p>\n","protected":false},"excerpt":{"rendered":"<p>[vc_row] [vc_column width=\u00bb1\/4&#8243;][vc_column_text] [\/vc_column_text][\/vc_column] [vc_column width=\u00bb3\/4&#8243;][vc_column_text] Qi Argentina y Hilton Buenos Aires presentan Argentina Nativa A partir del 27 de septiembre, en el ic\u00f3nico hotel de Puerto Madero, se podr\u00e1 visitar la muestra fotogr\u00e1fica de Dar\u00edo Podest\u00e1. Para conmemorar el D\u00eda Nacional de la Conciencia Ambiental que se celebra el 27 de septiembre, Hilton Buenos [&hellip;]<\/p>\n","protected":false},"author":3,"featured_media":0,"comment_status":"closed","ping_status":"closed","sticky":false,"template":"","format":"standard","meta":[],"categories":[143],"tags":[],"acf":[],"_links":{"self":[{"href":"https:\/\/qiarg.org\/magazine\/wp-json\/wp\/v2\/posts\/2501"}],"collection":[{"href":"https:\/\/qiarg.org\/magazine\/wp-json\/wp\/v2\/posts"}],"about":[{"href":"https:\/\/qiarg.org\/magazine\/wp-json\/wp\/v2\/types\/post"}],"author":[{"embeddable":true,"href":"https:\/\/qiarg.org\/magazine\/wp-json\/wp\/v2\/users\/3"}],"replies":[{"embeddable":true,"href":"https:\/\/qiarg.org\/magazine\/wp-json\/wp\/v2\/comments?post=2501"}],"version-history":[{"count":5,"href":"https:\/\/qiarg.org\/magazine\/wp-json\/wp\/v2\/posts\/2501\/revisions"}],"predecessor-version":[{"id":2782,"href":"https:\/\/qiarg.org\/magazine\/wp-json\/wp\/v2\/posts\/2501\/revisions\/2782"}],"wp:attachment":[{"href":"https:\/\/qiarg.org\/magazine\/wp-json\/wp\/v2\/media?parent=2501"}],"wp:term":[{"taxonomy":"category","embeddable":true,"href":"https:\/\/qiarg.org\/magazine\/wp-json\/wp\/v2\/categories?post=2501"},{"taxonomy":"post_tag","embeddable":true,"href":"https:\/\/qiarg.org\/magazine\/wp-json\/wp\/v2\/tags?post=2501"}],"curies":[{"name":"wp","href":"https:\/\/api.w.org\/{rel}","templated":true}]}}