{"id":2486,"date":"2023-02-09T19:54:43","date_gmt":"2023-02-09T22:54:43","guid":{"rendered":"https:\/\/qiarg.org\/magazine\/?p=2486"},"modified":"2023-02-17T10:52:06","modified_gmt":"2023-02-17T13:52:06","slug":"inspirate-7","status":"publish","type":"post","link":"https:\/\/qiarg.org\/magazine\/inspirate-7\/","title":{"rendered":"Inspirate"},"content":{"rendered":"<p>[vc_row]<br \/>\n[vc_column width=\u00bb1\/4&#8243;][vc_column_text]<br \/>\n<img decoding=\"async\" loading=\"lazy\" class=\"foto-seccion alignleft wp-image-2489 size-medium\" src=\"https:\/\/qiarg.org\/magazine\/wp-content\/uploads\/2023\/02\/Foto_Moda-300x169.png\" alt=\"\" width=\"300\" height=\"169\" srcset=\"https:\/\/qiarg.org\/magazine\/wp-content\/uploads\/2023\/02\/Foto_Moda-300x169.png 300w, https:\/\/qiarg.org\/magazine\/wp-content\/uploads\/2023\/02\/Foto_Moda-1024x576.png 1024w, https:\/\/qiarg.org\/magazine\/wp-content\/uploads\/2023\/02\/Foto_Moda-768x432.png 768w, https:\/\/qiarg.org\/magazine\/wp-content\/uploads\/2023\/02\/Foto_Moda-1536x864.png 1536w, https:\/\/qiarg.org\/magazine\/wp-content\/uploads\/2023\/02\/Foto_Moda-750x422.png 750w, https:\/\/qiarg.org\/magazine\/wp-content\/uploads\/2023\/02\/Foto_Moda-1140x641.png 1140w, https:\/\/qiarg.org\/magazine\/wp-content\/uploads\/2023\/02\/Foto_Moda.png 1600w\" sizes=\"(max-width: 300px) 100vw, 300px\" \/><br \/>\n[\/vc_column_text][\/vc_column]<\/p>\n<p>[vc_column width=\u00bb3\/4&#8243;][vc_column_text]<\/p>\n<h3><strong>Slow fashion<\/strong><\/h3>\n<p><strong>Una prenda puede cambiar el mundo.<\/strong><\/p>\n<p>La industria textil es la segunda m\u00e1s contaminante del planeta, detr\u00e1s de la petrolera. Sin embargo, hay otra forma de entender este negocio. La moda sostenible es una alternativa que a\u00fana cuidado medioambiental, respeto de los derechos humanos de trabajadores textiles y protecci\u00f3n de la salud, al elaborarse con materiales naturales libres de componentes t\u00f3xicos. Se trata de una opci\u00f3n con procesos responsables: moderados, justos, bien retribuidos y generadores de productos de calidad; y sostenibles, al promover el respeto por el ambiente y el bienestar de las sociedades. Informarnos y consumir conscientemente, hace la diferencia.<br \/>\n[\/vc_column_text][\/vc_column]<br \/>\n[\/vc_row]<\/p>\n<p>&nbsp;<\/p>\n<p>[vc_row]<br \/>\n[vc_column width=\u00bb1\/4&#8243;][vc_column_text]<br \/>\n<img decoding=\"async\" loading=\"lazy\" class=\"foto-seccion alignleft wp-image-2487 size-medium\" src=\"https:\/\/qiarg.org\/magazine\/wp-content\/uploads\/2023\/02\/Foto_Corrientes-300x169.jpg\" alt=\"\" width=\"300\" height=\"169\" srcset=\"https:\/\/qiarg.org\/magazine\/wp-content\/uploads\/2023\/02\/Foto_Corrientes-300x169.jpg 300w, https:\/\/qiarg.org\/magazine\/wp-content\/uploads\/2023\/02\/Foto_Corrientes-1024x575.jpg 1024w, https:\/\/qiarg.org\/magazine\/wp-content\/uploads\/2023\/02\/Foto_Corrientes-768x431.jpg 768w, https:\/\/qiarg.org\/magazine\/wp-content\/uploads\/2023\/02\/Foto_Corrientes-750x421.jpg 750w, https:\/\/qiarg.org\/magazine\/wp-content\/uploads\/2023\/02\/Foto_Corrientes-1140x640.jpg 1140w, https:\/\/qiarg.org\/magazine\/wp-content\/uploads\/2023\/02\/Foto_Corrientes.jpg 1200w\" sizes=\"(max-width: 300px) 100vw, 300px\" \/><br \/>\n[\/vc_column_text][\/vc_column]<\/p>\n<p>[vc_column width=\u00bb3\/4&#8243;][vc_column_text]<\/p>\n<h3><strong>Semillero comunitario<\/strong><\/h3>\n<p><strong>La iniciativa se propone almacenar semillas para reforestar toda la superficie quemada de Corrientes.<\/strong><\/p>\n<p>\u201cAyudemos a restaurar nuestros bosques\u201d es el nombre de una campa\u00f1a lanzada por la Facultad de Ciencias Agrarias de la UNNE junto con las organizaciones ecologistas \u201cEl nuevo enemigo\u201d y \u201cManos verdes\u201d para hacer acopio de semillas forestales nativas. El objetivo es formar un banco de germoplasma que en un futuro ayude a reforestar las \u00e1reas da\u00f1adas por los incendios. La invitaci\u00f3n abierta que se hace a toda la comunidad, ya muestra resultados muy prometedores.<br \/>\n[\/vc_column_text][\/vc_column]<br \/>\n[\/vc_row]<\/p>\n<p>&nbsp;<\/p>\n<p>[vc_row]<br \/>\n[vc_column width=\u00bb1\/4&#8243;][vc_column_text]<br \/>\n<img decoding=\"async\" loading=\"lazy\" class=\"foto-seccion alignleft wp-image-2488 size-medium\" src=\"https:\/\/qiarg.org\/magazine\/wp-content\/uploads\/2023\/02\/Foto_Jovenes-300x200.jpg\" alt=\"\" width=\"300\" height=\"200\" srcset=\"https:\/\/qiarg.org\/magazine\/wp-content\/uploads\/2023\/02\/Foto_Jovenes-300x200.jpg 300w, https:\/\/qiarg.org\/magazine\/wp-content\/uploads\/2023\/02\/Foto_Jovenes-1024x683.jpg 1024w, https:\/\/qiarg.org\/magazine\/wp-content\/uploads\/2023\/02\/Foto_Jovenes-768x512.jpg 768w, https:\/\/qiarg.org\/magazine\/wp-content\/uploads\/2023\/02\/Foto_Jovenes-1536x1024.jpg 1536w, https:\/\/qiarg.org\/magazine\/wp-content\/uploads\/2023\/02\/Foto_Jovenes-2048x1365.jpg 2048w, https:\/\/qiarg.org\/magazine\/wp-content\/uploads\/2023\/02\/Foto_Jovenes-750x500.jpg 750w, https:\/\/qiarg.org\/magazine\/wp-content\/uploads\/2023\/02\/Foto_Jovenes-1140x760.jpg 1140w\" sizes=\"(max-width: 300px) 100vw, 300px\" \/><br \/>\n[\/vc_column_text][\/vc_column]<\/p>\n<p>[vc_column width=\u00bb3\/4&#8243;][vc_column_text]<\/p>\n<h3><strong>J\u00f3venes latinoamericanos en acci\u00f3n<\/strong><\/h3>\n<p>Por primera vez la Cumbre Clim\u00e1tica de la Juventud de Latinoam\u00e9rica<br \/>\n(RCOY), reunir\u00e1 en Costa Rica -los d\u00edas 12, 13 y 14 de septiembre- a 300 l\u00edderes clim\u00e1ticos y 200 organizaciones juveniles en red de 18 pa\u00edses de la regi\u00f3n; con el objetivo de aunar fuerzas y llevar una propuesta unificada para que la voz de Latinoam\u00e9rica sea escuchada en la Conferencia de las Naciones Unidas sobre el Cambio Clim\u00e1tico (COP27) que se llevar\u00e1 a cabo en Egipto, en noviembre. Las organizaciones ambientalistas y activistas que luchen de manera individual que quieran participar de la RCOY pueden sumarse hasta el inicio de la COP27.<br \/>\n[\/vc_column_text][\/vc_column]<br \/>\n[\/vc_row]<\/p>\n","protected":false},"excerpt":{"rendered":"<p>[vc_row] [vc_column width=\u00bb1\/4&#8243;][vc_column_text] [\/vc_column_text][\/vc_column] [vc_column width=\u00bb3\/4&#8243;][vc_column_text] Slow fashion Una prenda puede cambiar el mundo. La industria textil es la segunda m\u00e1s contaminante del planeta, detr\u00e1s de la petrolera. Sin embargo, hay otra forma de entender este negocio. La moda sostenible es una alternativa que a\u00fana cuidado medioambiental, respeto de los derechos humanos de trabajadores textiles [&hellip;]<\/p>\n","protected":false},"author":3,"featured_media":0,"comment_status":"closed","ping_status":"closed","sticky":false,"template":"","format":"standard","meta":[],"categories":[143],"tags":[],"acf":[],"_links":{"self":[{"href":"https:\/\/qiarg.org\/magazine\/wp-json\/wp\/v2\/posts\/2486"}],"collection":[{"href":"https:\/\/qiarg.org\/magazine\/wp-json\/wp\/v2\/posts"}],"about":[{"href":"https:\/\/qiarg.org\/magazine\/wp-json\/wp\/v2\/types\/post"}],"author":[{"embeddable":true,"href":"https:\/\/qiarg.org\/magazine\/wp-json\/wp\/v2\/users\/3"}],"replies":[{"embeddable":true,"href":"https:\/\/qiarg.org\/magazine\/wp-json\/wp\/v2\/comments?post=2486"}],"version-history":[{"count":5,"href":"https:\/\/qiarg.org\/magazine\/wp-json\/wp\/v2\/posts\/2486\/revisions"}],"predecessor-version":[{"id":2788,"href":"https:\/\/qiarg.org\/magazine\/wp-json\/wp\/v2\/posts\/2486\/revisions\/2788"}],"wp:attachment":[{"href":"https:\/\/qiarg.org\/magazine\/wp-json\/wp\/v2\/media?parent=2486"}],"wp:term":[{"taxonomy":"category","embeddable":true,"href":"https:\/\/qiarg.org\/magazine\/wp-json\/wp\/v2\/categories?post=2486"},{"taxonomy":"post_tag","embeddable":true,"href":"https:\/\/qiarg.org\/magazine\/wp-json\/wp\/v2\/tags?post=2486"}],"curies":[{"name":"wp","href":"https:\/\/api.w.org\/{rel}","templated":true}]}}