{"id":2482,"date":"2023-02-09T19:48:11","date_gmt":"2023-02-09T22:48:11","guid":{"rendered":"https:\/\/qiarg.org\/magazine\/?p=2482"},"modified":"2023-02-17T15:00:18","modified_gmt":"2023-02-17T18:00:18","slug":"intuicion-salvaje","status":"publish","type":"post","link":"https:\/\/qiarg.org\/magazine\/intuicion-salvaje\/","title":{"rendered":"Mir\u00e1"},"content":{"rendered":"<h3><strong>Intuici\u00f3n Salvaje<\/strong><\/h3>\n<p>&nbsp;<\/p>\n<p>\u201cTengo una posici\u00f3n bastante activa en cuanto al cuidado del planeta. Como escritora, hace unos d\u00edas inaugur\u00e9 la Feria Internacional del Libro de Rosario y pod\u00eda hablar de lo que quisiera\u2026 Eleg\u00ed denunciar las quemas indiscriminadas en las islas del Paran\u00e1. Habl\u00e9 del ecocidio, de la necesidad de una Ley de Humedales y del humo que tiene absolutamente desesperada y desesperanzada a la gente de Rosario. En lo cotidiano tambi\u00e9n muevo fichas. Hace bastante que tengo una huerta \u201cdesordenada\u201d que cuido con uno de mis hijos. No es la huerta impecable de las revistas\u2026 Hay desorden bueno para la tierra y los seres vivos. Vamos a la huerta y nos encontramos con lo que nos da, acelga entre los br\u00f3colis, tomates, albahaca y r\u00facula mezcladas\u2026 Me gusta m\u00e1s ese contacto intuitivo y salvaje con la naturaleza. Tambi\u00e9n tengo plantas aut\u00f3ctonas en el jard\u00edn, con zonas que dejamos salvajes para estimular la biodiversidad. Desde entonces nos visitan muchos colibr\u00edes y abejas.\u201d<\/p>\n<p>&nbsp;<\/p>\n<div class=\"vc_acf campo-autor-fotografo vc_txt_align_left field_601096f651e69\">\nPOR: <strong>XIMENA PASCUTTI<\/strong> FOTO: <strong>ALEJANDRA L\u00d3PEZ<\/strong>\n<\/div>\n<p><img decoding=\"async\" loading=\"lazy\" class=\"aligncenter wp-image-2483 size-full\" src=\"https:\/\/qiarg.org\/magazine\/wp-content\/uploads\/2023\/02\/Foto_Pineiro-en-baja.jpg\" alt=\"\" width=\"2000\" height=\"1180\" srcset=\"https:\/\/qiarg.org\/magazine\/wp-content\/uploads\/2023\/02\/Foto_Pineiro-en-baja.jpg 2000w, https:\/\/qiarg.org\/magazine\/wp-content\/uploads\/2023\/02\/Foto_Pineiro-en-baja-300x177.jpg 300w, https:\/\/qiarg.org\/magazine\/wp-content\/uploads\/2023\/02\/Foto_Pineiro-en-baja-1024x604.jpg 1024w, https:\/\/qiarg.org\/magazine\/wp-content\/uploads\/2023\/02\/Foto_Pineiro-en-baja-768x453.jpg 768w, https:\/\/qiarg.org\/magazine\/wp-content\/uploads\/2023\/02\/Foto_Pineiro-en-baja-1536x906.jpg 1536w, https:\/\/qiarg.org\/magazine\/wp-content\/uploads\/2023\/02\/Foto_Pineiro-en-baja-750x443.jpg 750w, https:\/\/qiarg.org\/magazine\/wp-content\/uploads\/2023\/02\/Foto_Pineiro-en-baja-1140x673.jpg 1140w\" sizes=\"(max-width: 2000px) 100vw, 2000px\" \/><\/p>\n<p><strong>Claudia Pi\u00f1eiro.<\/strong> Reconocida escritora, dramaturga y guionista argentina. Sus novelas fueron traducidas a veintena de idiomas y varias de ellas llevadas al cine, como Tuya, Las viudas de los jueves y Betib\u00fa. Este a\u00f1o fue galardonada con un Premio Platino por ser coautora de la exitosa serie El reino, junto a Marcelo Pi\u00f1eyro. En octubre llega a librer\u00edas El tiempo de las moscas, su novela m\u00e1s reciente. Es una de las escritoras argentinas m\u00e1s comprometidas en visibilizar la crisis ambiental e instalar el debate en la agenda p\u00fablica.<\/p>\n","protected":false},"excerpt":{"rendered":"<p>Intuici\u00f3n Salvaje &nbsp; \u201cTengo una posici\u00f3n bastante activa en cuanto al cuidado del planeta. Como escritora, hace unos d\u00edas inaugur\u00e9 la Feria Internacional del Libro de Rosario y pod\u00eda hablar de lo que quisiera\u2026 Eleg\u00ed denunciar las quemas indiscriminadas en las islas del Paran\u00e1. Habl\u00e9 del ecocidio, de la necesidad de una Ley de Humedales [&hellip;]<\/p>\n","protected":false},"author":3,"featured_media":0,"comment_status":"closed","ping_status":"closed","sticky":false,"template":"","format":"standard","meta":[],"categories":[143],"tags":[],"acf":[],"_links":{"self":[{"href":"https:\/\/qiarg.org\/magazine\/wp-json\/wp\/v2\/posts\/2482"}],"collection":[{"href":"https:\/\/qiarg.org\/magazine\/wp-json\/wp\/v2\/posts"}],"about":[{"href":"https:\/\/qiarg.org\/magazine\/wp-json\/wp\/v2\/types\/post"}],"author":[{"embeddable":true,"href":"https:\/\/qiarg.org\/magazine\/wp-json\/wp\/v2\/users\/3"}],"replies":[{"embeddable":true,"href":"https:\/\/qiarg.org\/magazine\/wp-json\/wp\/v2\/comments?post=2482"}],"version-history":[{"count":18,"href":"https:\/\/qiarg.org\/magazine\/wp-json\/wp\/v2\/posts\/2482\/revisions"}],"predecessor-version":[{"id":2846,"href":"https:\/\/qiarg.org\/magazine\/wp-json\/wp\/v2\/posts\/2482\/revisions\/2846"}],"wp:attachment":[{"href":"https:\/\/qiarg.org\/magazine\/wp-json\/wp\/v2\/media?parent=2482"}],"wp:term":[{"taxonomy":"category","embeddable":true,"href":"https:\/\/qiarg.org\/magazine\/wp-json\/wp\/v2\/categories?post=2482"},{"taxonomy":"post_tag","embeddable":true,"href":"https:\/\/qiarg.org\/magazine\/wp-json\/wp\/v2\/tags?post=2482"}],"curies":[{"name":"wp","href":"https:\/\/api.w.org\/{rel}","templated":true}]}}