{"id":2385,"date":"2023-02-08T08:36:12","date_gmt":"2023-02-08T11:36:12","guid":{"rendered":"https:\/\/qiarg.org\/magazine\/?p=2385"},"modified":"2023-02-08T11:54:15","modified_gmt":"2023-02-08T14:54:15","slug":"que-hacemos-con-el-agua","status":"publish","type":"post","link":"https:\/\/qiarg.org\/magazine\/que-hacemos-con-el-agua\/","title":{"rendered":"Qu\u00e9 hacemos con el agua"},"content":{"rendered":"<p>\u201cEl agua es una cuesti\u00f3n de derechos. A medida que crece la poblaci\u00f3n mundial se genera una necesidad creciente de conciliar la competencia entre las demandas comerciales de los recursos h\u00eddricos para que las comunida\u00addes tengan lo suficiente para satisfacer sus necesidades\u201d. La sentencia es parte de los desaf\u00edos globales de desarrollo sostenible que plantea las Naciones Unidas. Nuestro pa\u00eds no est\u00e1 exento de esa pugna que parece abrir un abanico de disputas entre los distintos sectores del desarrollo econ\u00f3mico y la protecci\u00f3n del medio ambiente en las que intervienen, con distintos grados y responsabilidades: empre\u00adsas, sociedad civil, \u00e1mbito cient\u00edfico y Estado.<\/p>\n<p>\u201cLa utilizaci\u00f3n del agua es un aspecto de im\u00adportancia para el sector, por lo que se trabaja constantemente en el desarrollo de pr\u00e1cticas de uso eficiente. Gracias a esto, el consumo de agua de la industria minera es muy infe\u00adrior al de otras actividades\u201d, asegur\u00f3 Franco Mignacco, presidente de la C\u00e1mara Argenti\u00adna de Empresarios Mineros (CAEM). Seg\u00fan describi\u00f3, actualmente la mayor\u00eda del procesamiento de mineral en una mina metal\u00edfera es dentro de un circuito cerrado, \u201clo que reduce considerablemente la toma de agua fresca\u201d. \u201cEn otras palabras\u201d, agreg\u00f3, \u201cla mayor\u00eda del agua que se utiliza queda dentro del sistema y s\u00f3lo se pierde la que se evapora o que con\u00adtiene el mineral concentrado. En los procesos hidrometal\u00fargicos hay entre 70 y 90% de eficiencia en el uso del agua\u201d.<\/p>\n<blockquote class=\"pullquote align-center\"><p>Toda actividad industrial que incluya el uso del agua en su ecuaci\u00f3n, camina en una delgada l\u00ednea entre la prosperidad econ\u00f3mica y la destrucci\u00f3n ambiental.<\/p><\/blockquote>\n<p>La mirada de Bruno Fornillo es otra. Inves\u00adtigador del Consejo Nacional de Investiga\u00adciones Cient\u00edficas y T\u00e9cnicas (CONICET), especialista en lo que concierne a recursos naturales, energ\u00eda y geopol\u00edtica en Sudam\u00e9rica, sostuvo que \u201clas actividades mineras a cielo abierto requieren grandes cantidades de agua, porque la miner\u00eda contempor\u00e1nea ya no es aquella de vetas pr\u00edstinas. No est\u00e1 el mineral puro y la obtenci\u00f3n se lo\u00adgra con muchos qu\u00edmicos y mucha agua\u201d.<\/p>\n<p>El investigador le apunta, sobre todo, al proceso de extracci\u00f3n del litio, ya que \u201chay mucha agua que se pierde por evaporaci\u00f3n y mucha agua dulce que se usa para la depuraci\u00f3n, en zo\u00adnas \u00e1ridas en la que estas infraestruc\u00adturas distorsionan el ciclo hidrol\u00f3gico natural, donde el agua de lluvia o del r\u00edo se bombea, se crean piletas y no se permite que circule\u201d.<\/p>\n<figure id=\"attachment_2384\" aria-describedby=\"caption-attachment-2384\" style=\"width: 1750px\" class=\"wp-caption aligncenter\"><img decoding=\"async\" loading=\"lazy\" class=\"wp-image-2384 size-full\" src=\"https:\/\/qiarg.org\/magazine\/wp-content\/uploads\/2023\/02\/Foto_Vista-aerea.jpeg\" alt=\"\" width=\"1750\" height=\"1000\" srcset=\"https:\/\/qiarg.org\/magazine\/wp-content\/uploads\/2023\/02\/Foto_Vista-aerea.jpeg 1750w, https:\/\/qiarg.org\/magazine\/wp-content\/uploads\/2023\/02\/Foto_Vista-aerea-300x171.jpeg 300w, https:\/\/qiarg.org\/magazine\/wp-content\/uploads\/2023\/02\/Foto_Vista-aerea-1024x585.jpeg 1024w, https:\/\/qiarg.org\/magazine\/wp-content\/uploads\/2023\/02\/Foto_Vista-aerea-768x439.jpeg 768w, https:\/\/qiarg.org\/magazine\/wp-content\/uploads\/2023\/02\/Foto_Vista-aerea-1536x878.jpeg 1536w, https:\/\/qiarg.org\/magazine\/wp-content\/uploads\/2023\/02\/Foto_Vista-aerea-750x429.jpeg 750w, https:\/\/qiarg.org\/magazine\/wp-content\/uploads\/2023\/02\/Foto_Vista-aerea-1140x651.jpeg 1140w\" sizes=\"(max-width: 1750px) 100vw, 1750px\" \/><figcaption id=\"caption-attachment-2384\" class=\"wp-caption-text\">Vista a\u00e9rea de miner\u00eda a cielo abierto, m\u00e9todo de explotaci\u00f3n que origina mayor impacto ambiental.<\/figcaption><\/figure>\n<p>&nbsp;<\/p>\n<p>Sin embargo, Mignacco destaca que en cuanto a los procesos \u201cen Argen\u00adtina estamos al nivel de los pa\u00edses m\u00e1s desarrollados. La actividad minera siempre se realiza aplican\u00addo la mejor tecnolog\u00eda disponible, dado que la eficacia es parte de la ecuaci\u00f3n del negocio.<br \/>\nEs un proceso continuo en busca de seguir incrementando la eficacia y la seguridad. El agua utilizada se trata, se analiza y se controla. Todo esto es monitoreado por las autorida\u00addes y por la propia sociedad\u201d.<\/p>\n<p>La sociedad, justamente, es uno de los actores clave. Pero, alejada de los c\u00edrculos de decisi\u00f3n, muchas veces no termina de involucrarse en un tema que, finalmente, termina por atravesarla. Es all\u00ed donde aparecen articuladores como el Proyecto Voces. \u201cLo que hacemos es proporcionar informaci\u00f3n para mejorar el di\u00e1logo entre la sociedad civil, los gobiernos y las empresas\u201d, sintetiz\u00f3 Roberto Sarudiansky, integrante del programa que impulsan las organizaciones Fun\u00addaci\u00f3n Directorio Legislativo, Cambio Democr\u00e1tico y la Universidad Nacio\u00adnal de San Mart\u00edn (UNSAM), con el apoyo de la Uni\u00f3n Europea.<\/p>\n<p>Licenciado en Ciencias Geol\u00f3gicas y profesor de la UNSAM, explic\u00f3 c\u00f3mo funciona, en alianza con una orga\u00adnizaci\u00f3n local, en las provincias de Jujuy, Catamarca, Salta y Neuqu\u00e9n: \u201cConvocamos a referentes de las comunidades para que ellos difundan la informaci\u00f3n. A partir de all\u00ed orga\u00adnizamos talleres sobre distintas tem\u00e1\u00adticas como la legislaci\u00f3n, los aspectos t\u00e9cnicos de las industrias extractivas, sobre c\u00f3mo controlar, tambi\u00e9n herra\u00admientas de negociaci\u00f3n con las otras partes. Luego sigue otra fase para identificar peque\u00f1os proyectos de organizaci\u00f3n y capacitaci\u00f3n de las propias comunidades\u201d.<\/p>\n<p>El trabajo es con la comunidad, pero al intervenir en territorios provinciales deben dar aviso a las autoridades y funcionarios de las \u00e1reas involucradas como medio ambiente, miner\u00eda y recursos h\u00eddricos. \u201cLa primera reacci\u00f3n es \u2018\u00bfQu\u00e9 vienen a hacer ac\u00e1? \u00bfVan a sublevar a las comunidades?\u2019. Tenemos que aclararles que vamos a darles herramientas para que las cosas funcionen mejor. Lo mismo hacemos con las organizaciones empresariales. El miedo de la gente, principalmente, es la falta de los controles\u201d. Pero, \u00bfqui\u00e9n controla?<\/p>\n<p>Para el viceministro de Ambiente, Sergio Federovisky, est\u00e1 claro. \u201cSeg\u00fan la Constituci\u00f3n las provincias ejercen el do\u00adminio sobre los recursos naturales; tienen el derecho para legislar sobre su explotaci\u00f3n y la obligaci\u00f3n de proteger los recursos, pero no son las due\u00f1as. Por lo que el Estado nacional tiene una tarea bastante importante en garantizar la sustentabilidad, para que esos recursos se exploten en beneficio del conjunto\u201d.<\/p>\n<p>\u201cNosotros desde nuestra gesti\u00f3n cumplimos con esa res\u00adponsabilidad. Fuimos los primeros que inspeccionamos el funcionamiento y los residuos de Vaca Muerta e hicimos revisiones in\u00e9ditas, en conjunto con las provincias, en las mineras de Catamarca y San Juan\u201d, a\u00f1adi\u00f3.<\/p>\n<p>Fornillo es esc\u00e9ptico. \u201cMuchas veces el Estado queda entrampado y no puede intervenir en la relaci\u00f3n entre las provincias y las empresas. Estamos en el sur del sur, \u00bfqu\u00e9 importa si usan m\u00e1s o menos agua? De hecho, en el norte de Chile ya no tienen agua dulce, est\u00e1n desalinizando la del mar, lo que insume mucha energ\u00eda. Por eso ahora las empresas chilenas est\u00e1n viendo si desarrollan nuevas tecnolog\u00edas\u201d.<\/p>\n<p>El investigador detall\u00f3 que algunas iniciativas innovadoras \u201cpodr\u00edan separar el litio de los otros elementos presentes en la salmuera, mediante un proceso de absorci\u00f3n selectiva, ser\u00eda como \u2018pescar\u2019 el litio, lo que no consumir\u00eda agua. Pero esas t\u00e9cni\u00adcas no tienen la madurez necesaria todav\u00eda y son costosas para la escala que les interesa explotar. Necesitamos est\u00e1ndares ambientales altos que no tengan en cuenta s\u00f3lo el aspecto econ\u00f3mico\u201d.<\/p>\n<p>En ese punto, Mignacco vuelve a destacar los programas de est\u00e1ndares internacionales de calidad, como \u201cHacia una Miner\u00eda Sustentable\u201d (HMS o TSM, por sus siglas en ingl\u00e9s), \u201csupervisado por un panel consultivo ad honorem e indepen\u00addiente, conformado por personas de la sociedad civil de intereses diversos, que incluye miembros de la comuni\u00addad acad\u00e9mica, de ONGs ambienta\u00adles y representantes de las comunida\u00addes, entre otros. Tiene un protocolo espec\u00edfico sobre manejo del agua y se aplica a nivel internacional, en pa\u00edses como Canad\u00e1, Australia y Noruega. Argentina fue el primer pa\u00eds latinoa\u00admericano en adherir\u201d.<\/p>\n<p>&nbsp;<\/p>\n<figure id=\"attachment_2383\" aria-describedby=\"caption-attachment-2383\" style=\"width: 800px\" class=\"wp-caption aligncenter\"><img decoding=\"async\" loading=\"lazy\" class=\"wp-image-2383 size-full\" src=\"https:\/\/qiarg.org\/magazine\/wp-content\/uploads\/2023\/02\/Foto_Litio-rosa.jpg\" alt=\"\" width=\"800\" height=\"1200\" srcset=\"https:\/\/qiarg.org\/magazine\/wp-content\/uploads\/2023\/02\/Foto_Litio-rosa.jpg 800w, https:\/\/qiarg.org\/magazine\/wp-content\/uploads\/2023\/02\/Foto_Litio-rosa-200x300.jpg 200w, https:\/\/qiarg.org\/magazine\/wp-content\/uploads\/2023\/02\/Foto_Litio-rosa-683x1024.jpg 683w, https:\/\/qiarg.org\/magazine\/wp-content\/uploads\/2023\/02\/Foto_Litio-rosa-768x1152.jpg 768w, https:\/\/qiarg.org\/magazine\/wp-content\/uploads\/2023\/02\/Foto_Litio-rosa-750x1125.jpg 750w\" sizes=\"(max-width: 800px) 100vw, 800px\" \/><figcaption id=\"caption-attachment-2383\" class=\"wp-caption-text\">Est\u00e1 claro que todo es cuesti\u00f3n de perspectiva. El fot\u00f3grafo a\u00e9reo Tom Hegen explora el impacto en el planeta de un campo de extracci\u00f3n de litio.<\/figcaption><\/figure>\n<p>Para Federovisky tampoco se trata de tener m\u00e1s legislaciones. \u201cEs una fantas\u00eda que en la Argentina faltan leyes. Lo que necesitamos es que se cumplan. Cuando desde el Ministerio hablamos con las empresas no tene\u00admos ning\u00fan problema en decirles que no se puede promover una actividad a como d\u00e9 lugar y que se tienen que apegar a la normativa. Muchos de los temores de la sociedad est\u00e1n basados en una trayectoria en la que el Esta\u00addo muchas veces no control\u00f3 como deb\u00eda hacerlo, mientras cumplamos nuestro rol se podr\u00e1 revertir esa desconfianza\u201d.<\/p>\n<p>En ese punto, Sarudiansky se\u00f1al\u00f3 que \u201cel tema de la informaci\u00f3n y la comunicaci\u00f3n es vital. Tratamos de ayudar a las comunidades a relacionarse con ese vecino nuevo y poderoso que se instala en su territorio. Contando con mejores datos se aclaran algunos temas. Nos preguntan: \u2018\u00bfSe va a acabar el agua?\u2019 All\u00ed tratamos de informarlos sobre c\u00f3mo puede gestionarse bien y los riesgos reales, porque tambi\u00e9n existen muchas fantas\u00edas\u201d.<\/p>\n<p>El desarrollo econ\u00f3mico es un tema que sobrevuela una y otra vez las entrevistas. Est\u00e1 claro que el agua no es una mercanc\u00eda que pueda entrar como un factor m\u00e1s en la hoja de c\u00e1lculos. Y que toda actividad industrial que la incluya en su ecua\u00adci\u00f3n camina en una delgada l\u00ednea entre la prosperidad econ\u00f3mica y la destrucci\u00f3n ambiental.<\/p>\n<p>Seg\u00fan Mignacco, \u201cel verdadero debate no debe ser si hacemos o no miner\u00eda, sino c\u00f3mo la desarrollamos. Para que el pa\u00eds crezca, desarrollo productivo y ambiente deben ir de la mano. La industria minera est\u00e1 presente en cada una de las actividades humanas; en la generaci\u00f3n el\u00e9ctrica, construcci\u00f3n e infraestructura, transporte, comunica\u00adci\u00f3n, mec\u00e1nica, medicina, alimentaci\u00f3n, electrodom\u00e9s\u00adticos, ropa y calzado, investigaci\u00f3n cient\u00edfica, etc. Y a\u00fan m\u00e1s si pensamos en el cambio tecnol\u00f3gico necesario para las energ\u00edas limpias, donde el cobre y el litio son fundamentales. Se estima que para 2050 la electromovi\u00adlidad y las energ\u00edas renovables multiplicar\u00e1n por seis la demanda de minerales. Esto abre una destacada oportu\u00adnidad para el pa\u00eds\u201d.<\/p>\n<p>\u201cOtro punto es la inserci\u00f3n que pueden tener las co\u00admunidades en estos proyectos y c\u00f3mo insertarse en la cadena de valor\u201d, aclar\u00f3 Sarudiansky. \u201cAdem\u00e1s, toda ac\u00adtividad tiene su principio en su fin y hay que pensar en el despu\u00e9s, eso es desarrollo sostenible. Que no quede el aprovechamiento de un recurso en la nada, tiene que generar un futuro m\u00e1s promisorio\u201d.<\/p>\n<figure id=\"attachment_2382\" aria-describedby=\"caption-attachment-2382\" style=\"width: 900px\" class=\"wp-caption aligncenter\"><img decoding=\"async\" loading=\"lazy\" class=\"wp-image-2382 size-full\" src=\"https:\/\/qiarg.org\/magazine\/wp-content\/uploads\/2023\/02\/Foto_Litio-amarillo.jpeg\" alt=\"\" width=\"900\" height=\"1125\" srcset=\"https:\/\/qiarg.org\/magazine\/wp-content\/uploads\/2023\/02\/Foto_Litio-amarillo.jpeg 900w, https:\/\/qiarg.org\/magazine\/wp-content\/uploads\/2023\/02\/Foto_Litio-amarillo-240x300.jpeg 240w, https:\/\/qiarg.org\/magazine\/wp-content\/uploads\/2023\/02\/Foto_Litio-amarillo-819x1024.jpeg 819w, https:\/\/qiarg.org\/magazine\/wp-content\/uploads\/2023\/02\/Foto_Litio-amarillo-768x960.jpeg 768w, https:\/\/qiarg.org\/magazine\/wp-content\/uploads\/2023\/02\/Foto_Litio-amarillo-750x938.jpeg 750w\" sizes=\"(max-width: 900px) 100vw, 900px\" \/><figcaption id=\"caption-attachment-2382\" class=\"wp-caption-text\">Campo de extracci\u00f3n de litio. Tom Hegen ofrece una visi\u00f3n de la superficie de la Tierra que ha sido transformada por el impacto de la presencia humana.<\/figcaption><\/figure>\n<blockquote class=\"pullquote align-center\"><p>Para que el pa\u00eds crezca, desarrollo productivo y ambiente deben ir de la mano.<\/p><\/blockquote>\n<p>Pero para Fornillo se debe ir m\u00e1s all\u00e1 y es necesario un cambio de enfoque que abandone toda \u201cvisi\u00f3n extran\u00adjerizante\u201d de los recursos. Seg\u00fan su visi\u00f3n, la p\u00e9rdida de soberan\u00eda no es negociable. \u201cEn el caso del litio, de\u00adbemos declararlo recurso estrat\u00e9gico, captar m\u00e1s renta, cuidar el ambiente y respetar los derechos comunitarios. Porque las provincias m\u00e1s pobres tienen menos defensa para oponer. Lamento tener un panorama pesimista, pero considero que es el verdadero\u201d.<\/p>\n<p>La conclusi\u00f3n de Federovisky es que \u201csiempre falta hacer m\u00e1s, pero est\u00e1 claro que la industria minera no es la misma de hace 30 a\u00f1os. Saben que hay muchos ojos posados sobre ellos y hay un cambio de paradigma; antes la producci\u00f3n era una especie de dios supremo y nada pod\u00eda interferir. Hoy est\u00e1 claro, por los resultados ambientales, que eso no puede seguir as\u00ed y que no existe licencia social ni voluntad de los gobiernos, al menos de este, de validar una actividad productiva solo porque genera riqueza. Porque los pasivos ambientales que tenemos vienen justamente de esos tiempos, cuando la industria, o una parte de ella, actuaba fuera de la ley\u201d.<\/p>\n","protected":false},"excerpt":{"rendered":"<p>\u201cEl agua es una cuesti\u00f3n de derechos. A medida que crece la poblaci\u00f3n mundial se genera una necesidad creciente de conciliar la competencia entre las demandas comerciales de los recursos h\u00eddricos para que las comunida\u00addes tengan lo suficiente para satisfacer sus necesidades\u201d. La sentencia es parte de los desaf\u00edos globales de desarrollo sostenible que plantea [&hellip;]<\/p>\n","protected":false},"author":3,"featured_media":2381,"comment_status":"closed","ping_status":"closed","sticky":false,"template":"","format":"standard","meta":[],"categories":[142],"tags":[],"acf":[],"_links":{"self":[{"href":"https:\/\/qiarg.org\/magazine\/wp-json\/wp\/v2\/posts\/2385"}],"collection":[{"href":"https:\/\/qiarg.org\/magazine\/wp-json\/wp\/v2\/posts"}],"about":[{"href":"https:\/\/qiarg.org\/magazine\/wp-json\/wp\/v2\/types\/post"}],"author":[{"embeddable":true,"href":"https:\/\/qiarg.org\/magazine\/wp-json\/wp\/v2\/users\/3"}],"replies":[{"embeddable":true,"href":"https:\/\/qiarg.org\/magazine\/wp-json\/wp\/v2\/comments?post=2385"}],"version-history":[{"count":2,"href":"https:\/\/qiarg.org\/magazine\/wp-json\/wp\/v2\/posts\/2385\/revisions"}],"predecessor-version":[{"id":2387,"href":"https:\/\/qiarg.org\/magazine\/wp-json\/wp\/v2\/posts\/2385\/revisions\/2387"}],"wp:featuredmedia":[{"embeddable":true,"href":"https:\/\/qiarg.org\/magazine\/wp-json\/wp\/v2\/media\/2381"}],"wp:attachment":[{"href":"https:\/\/qiarg.org\/magazine\/wp-json\/wp\/v2\/media?parent=2385"}],"wp:term":[{"taxonomy":"category","embeddable":true,"href":"https:\/\/qiarg.org\/magazine\/wp-json\/wp\/v2\/categories?post=2385"},{"taxonomy":"post_tag","embeddable":true,"href":"https:\/\/qiarg.org\/magazine\/wp-json\/wp\/v2\/tags?post=2385"}],"curies":[{"name":"wp","href":"https:\/\/api.w.org\/{rel}","templated":true}]}}