{"id":2380,"date":"2023-02-08T08:59:03","date_gmt":"2023-02-08T11:59:03","guid":{"rendered":"https:\/\/qiarg.org\/magazine\/?p=2380"},"modified":"2023-02-13T15:31:27","modified_gmt":"2023-02-13T18:31:27","slug":"el-futuro-de-agua","status":"publish","type":"post","link":"https:\/\/qiarg.org\/magazine\/el-futuro-de-agua\/","title":{"rendered":"El futuro de agua"},"content":{"rendered":"<p><span class=\"dropcap \" style=\"background-color: #ffffff; color: #000000; border-color: #ffffff;\">E<\/span><\/p>\n<p>n el marco del Primer Encuentro Nacional con el Agua, 50 especialistas expusieron las tendencias y desaf\u00edos del sector divididos en 9 paneles tem\u00e1ticos y dos conferencias magis\u00adtrales. La presidenta de Aysa, Malena Galmarini; el Ministro del Interior de la Naci\u00f3n, Eduardo \u201cWado\u201d de Pedro y Gabriel Katopodis, Ministro de Obras P\u00fablicas, inauguraron el encuentro que se realiz\u00f3 los d\u00edas 27 y 28 de octubre en el Centro de Convenciones Golden Center de Parque Norte, en la ciudad de Buenos Aires. Estuvieron acompa\u00f1ados por el secretario general del SGBATOS, Jos\u00e9 Luis Lingeri; el administrador del ENOHSA, N\u00e9stor \u00c1lvarez y el secre\u00adtario general de la FENTOS, Carlos Adamo.<\/p>\n<p>M\u00e1s de 1.500 personas participaron de estas dos jornadas, incluyendo autoridades nacionales e internacionales del agua y el saneamiento. Se abordaron tem\u00e1ticas como la relaci\u00f3n del agua y el saneamiento con la salud p\u00fablica, escasez h\u00eddrica, cambio clim\u00e1tico, g\u00e9nero, innovaciones tecnol\u00f3gicas, ordenamiento y pol\u00edticas del agua y finan\u00adciamiento internacional, entre otros.<\/p>\n<p>Las conferencias magistrales estuvieron a cargo de exper\u00adtos del sector a nivel internacional. La primera jornada expuso Sergio Campos, jefe de la Divisi\u00f3n de Agua y Saneamiento del Banco Interamericano de Desarrollo, y en la segunda jornada lo hizo Diego Berger, coordinador de Proyectos Especiales Internacionales de Mekorot, com\u00adpa\u00f1\u00eda nacional de agua de Israel.<\/p>\n<blockquote class=\"pullquote align-center\"><p>\u201cNos juntamos con todas aquellas instituciones y organizaciones que tenemos que ver con la gesti\u00f3n del agua. Es un hito muy importante. El a\u00f1o que viene esperamos volver a repetirlo, porque de esta manera podemos saber que estamos haciendo todos, hacia d\u00f3nde vamos\u201d.<\/p>\n<p><b>Malena Galmarini<\/b> &#8211; Presidenta de AySA<\/p><\/blockquote>\n<p>Los especialistas hicieron un recorrido por los grandes desaf\u00edos del sector y dejaron profundas reflexiones que seguir\u00e1n siendo debatidas en los pr\u00f3ximos meses. \u201cEl agua adem\u00e1s de ser un recurso y una necesidad b\u00e1sica para la vida de las personas, es un recurso que debemos pensar, que debemos redise\u00f1ar el manejo porque tambi\u00e9n tiene que ver con el sistema pro\u00adductivo argentino. Tenemos que pensar que el agua la tenemos que cuidar, la tenemos que administrar inteligentemente para asegurarles a las futuras generaciones el acceso al agua, cuidar las cuencas, los r\u00edos y eso significa tambi\u00e9n hacer sustentables todos los fluidos\u201d, manifest\u00f3 al tomar la palabra el ministro de Pedro.<\/p>\n<p>&nbsp;<\/p>\n<p><img decoding=\"async\" loading=\"lazy\" class=\"aligncenter wp-image-2391 size-full\" src=\"https:\/\/qiarg.org\/magazine\/wp-content\/uploads\/2023\/02\/Foto_Recuadro.jpeg\" alt=\"\" width=\"1280\" height=\"853\" srcset=\"https:\/\/qiarg.org\/magazine\/wp-content\/uploads\/2023\/02\/Foto_Recuadro.jpeg 1280w, https:\/\/qiarg.org\/magazine\/wp-content\/uploads\/2023\/02\/Foto_Recuadro-300x200.jpeg 300w, https:\/\/qiarg.org\/magazine\/wp-content\/uploads\/2023\/02\/Foto_Recuadro-1024x682.jpeg 1024w, https:\/\/qiarg.org\/magazine\/wp-content\/uploads\/2023\/02\/Foto_Recuadro-768x512.jpeg 768w, https:\/\/qiarg.org\/magazine\/wp-content\/uploads\/2023\/02\/Foto_Recuadro-750x500.jpeg 750w, https:\/\/qiarg.org\/magazine\/wp-content\/uploads\/2023\/02\/Foto_Recuadro-1140x760.jpeg 1140w\" sizes=\"(max-width: 1280px) 100vw, 1280px\" \/><\/p>\n<p>&nbsp;<\/p>\n<p><b>Reconocimiento internacional <\/b><\/p>\n<p>AySA fue reconocida internacional\u00admente entre las empresas del sector por su gesti\u00f3n en medio ambiente.<\/p>\n<p>Por primera vez en su historia, Agua y Saneamientos Argentinos fue recono\u00adcida como una \u201cEmpresa Inteligente con el Medio Ambiente\u201d. El Premio fue otorgado por la International Water Association (IWA), en el marco del Congreso Mundial de la IWA, que se realiz\u00f3 entre los d\u00edas 11 y 15 de sep\u00adtiembre en Copenhague, Dinamarca.<\/p>\n<p>A trav\u00e9s de esta distinci\u00f3n, que AySA recibi\u00f3 junto a otras operadoras de agua l\u00edderes a nivel mundial como Aguas de Barcelona, Manila Water y Macao Water, se la reconoce c\u00f3mo una empresa \u201cClimate Smart Utility\u201d. Esto significa que la organizaci\u00f3n se encuentra a la vanguardia en cuanto a su estrategia para afrontar los desaf\u00edos del cambio clim\u00e1tico. El jurado, que estuvo compuesto por notables de todas las regiones del planeta, valor\u00f3 el nivel de adaptaci\u00f3n, mitigaci\u00f3n y liderazgo de las empresas de agua y saneamiento de todo el mundo. La empresa fue representada por Juan Iervasi Scokin, integrante de la geren\u00adcia de Relaciones Internacionales.<\/p>\n","protected":false},"excerpt":{"rendered":"<p>E n el marco del Primer Encuentro Nacional con el Agua, 50 especialistas expusieron las tendencias y desaf\u00edos del sector divididos en 9 paneles tem\u00e1ticos y dos conferencias magis\u00adtrales. La presidenta de Aysa, Malena Galmarini; el Ministro del Interior de la Naci\u00f3n, Eduardo \u201cWado\u201d de Pedro y Gabriel Katopodis, Ministro de Obras P\u00fablicas, inauguraron el [&hellip;]<\/p>\n","protected":false},"author":3,"featured_media":2261,"comment_status":"closed","ping_status":"closed","sticky":false,"template":"","format":"standard","meta":[],"categories":[142],"tags":[],"acf":[],"_links":{"self":[{"href":"https:\/\/qiarg.org\/magazine\/wp-json\/wp\/v2\/posts\/2380"}],"collection":[{"href":"https:\/\/qiarg.org\/magazine\/wp-json\/wp\/v2\/posts"}],"about":[{"href":"https:\/\/qiarg.org\/magazine\/wp-json\/wp\/v2\/types\/post"}],"author":[{"embeddable":true,"href":"https:\/\/qiarg.org\/magazine\/wp-json\/wp\/v2\/users\/3"}],"replies":[{"embeddable":true,"href":"https:\/\/qiarg.org\/magazine\/wp-json\/wp\/v2\/comments?post=2380"}],"version-history":[{"count":3,"href":"https:\/\/qiarg.org\/magazine\/wp-json\/wp\/v2\/posts\/2380\/revisions"}],"predecessor-version":[{"id":2667,"href":"https:\/\/qiarg.org\/magazine\/wp-json\/wp\/v2\/posts\/2380\/revisions\/2667"}],"wp:featuredmedia":[{"embeddable":true,"href":"https:\/\/qiarg.org\/magazine\/wp-json\/wp\/v2\/media\/2261"}],"wp:attachment":[{"href":"https:\/\/qiarg.org\/magazine\/wp-json\/wp\/v2\/media?parent=2380"}],"wp:term":[{"taxonomy":"category","embeddable":true,"href":"https:\/\/qiarg.org\/magazine\/wp-json\/wp\/v2\/categories?post=2380"},{"taxonomy":"post_tag","embeddable":true,"href":"https:\/\/qiarg.org\/magazine\/wp-json\/wp\/v2\/tags?post=2380"}],"curies":[{"name":"wp","href":"https:\/\/api.w.org\/{rel}","templated":true}]}}