{"id":2370,"date":"2023-02-07T22:36:29","date_gmt":"2023-02-08T01:36:29","guid":{"rendered":"https:\/\/qiarg.org\/magazine\/?p=2370"},"modified":"2023-02-13T14:45:26","modified_gmt":"2023-02-13T17:45:26","slug":"las-elecciones-en-el-siglo-xxi","status":"publish","type":"post","link":"https:\/\/qiarg.org\/magazine\/las-elecciones-en-el-siglo-xxi\/","title":{"rendered":"Las elecciones en el siglo XXI"},"content":{"rendered":"<p><span class=\"dropcap \" style=\"background-color: #ffffff; color: #000000; border-color: #ffffff;\">H<\/span><\/p>\n<p>asta bastante mayorcito pen\u00ads\u00e9 que el h\u00edgado estaba en mi parte izquierda. Entonces, cualquier dolor por ah\u00ed de\u00adc\u00eda: \u201cAlgo me pate\u00f3 el h\u00edgado\u2026\u201d En realidad me dol\u00eda el bazo y el d\u00eda que decid\u00ed atender eso, descubr\u00ed para siempre que el h\u00edgado est\u00e1 a la derecha. Ser\u00eda muy ingrato atribuir semejante confusi\u00f3n a las maestras de la escuela rural donde fui, o a las profes del secundario. No; era yo el que no conectaba con lo que deb\u00eda.<\/p>\n<p>Les hago el cuento porque estoy convencido de que si no atendemos lo que le pasa a nuestro cuerpo, a los \u00f3rganos que filtran la sangre, hacen la digesti\u00f3n o nos permiten respirar, dif\u00edcilmente podremos poner foco en el ambiente que nos rodea o los territorios donde vivimos. Las dos cosas son una, van de la mano. Atender c\u00f3mo nos alimentamos es tan importante como tener en cuenta la organiza\u00adci\u00f3n territorial que nos damos, el modo en que ejercemos la labranza de la tierra y el cuidado que tengamos con los cursos del agua y la preservaci\u00f3n de la monta\u00f1a.<\/p>\n<blockquote class=\"pullquote align-center\"><p>Si ensuciamos el cuerpo, si lo cargamos de sustancias que nos caen mal, posiblemente vayamos contaminando nuestras conversaciones.<\/p><\/blockquote>\n<p><strong>Conectarnos a la inteligencia del coraz\u00f3n<\/strong><\/p>\n<p>El mundo que vemos colapsar est\u00e1 muy ligado a la in\u00adteligencia del cerebro que, a su vez, est\u00e1 muy desconec\u00adtado de otras formas de inteligencia. Es muy necesaria pero es incompleta, de hecho, es insuficiente frente a la necesidad de buscar estrategias para reaccionar con mayor celeridad ante trastornos concretos que padece la sociedad humana.<\/p>\n<p>\u201cLa inteligencia del cerebro y la inteligencia del coraz\u00f3n debieran complementarse\u201d, dice Pilar P\u00e9rez Gismero, educadora y psicoterapeuta espa\u00f1ola. \u201cCuando cultivamos la inteligencia card\u00edaca se va creando un estado de coherencia biol\u00f3gica que supone un estado de mayor sabidur\u00eda para afrontar la vida. Funcionamos con armon\u00eda, con un rendimiento \u00f3ptimo y en sinton\u00eda con el espacio que habitamos\u201d.<\/p>\n<blockquote class=\"pullquote align-center\"><p>\u201cNecesitamos ocu\u00adparnos de cultivar el jard\u00edn interior y quitar todo aquello que nos hace mal\u201d.<br \/>\n<strong>Nestor Palmetti<\/strong> \u2013 Investigador<\/p><\/blockquote>\n<figure id=\"attachment_2374\" aria-describedby=\"caption-attachment-2374\" style=\"width: 1366px\" class=\"wp-caption alignnone\"><img decoding=\"async\" loading=\"lazy\" class=\"wp-image-2374 size-full\" src=\"https:\/\/qiarg.org\/magazine\/wp-content\/uploads\/2023\/02\/Foto_Poder.jpg\" alt=\"\" width=\"1366\" height=\"911\" srcset=\"https:\/\/qiarg.org\/magazine\/wp-content\/uploads\/2023\/02\/Foto_Poder.jpg 1366w, https:\/\/qiarg.org\/magazine\/wp-content\/uploads\/2023\/02\/Foto_Poder-300x200.jpg 300w, https:\/\/qiarg.org\/magazine\/wp-content\/uploads\/2023\/02\/Foto_Poder-1024x683.jpg 1024w, https:\/\/qiarg.org\/magazine\/wp-content\/uploads\/2023\/02\/Foto_Poder-768x512.jpg 768w, https:\/\/qiarg.org\/magazine\/wp-content\/uploads\/2023\/02\/Foto_Poder-750x500.jpg 750w, https:\/\/qiarg.org\/magazine\/wp-content\/uploads\/2023\/02\/Foto_Poder-1140x760.jpg 1140w\" sizes=\"(max-width: 1366px) 100vw, 1366px\" \/><figcaption id=\"caption-attachment-2374\" class=\"wp-caption-text\">El autoconocimiento es necesario para experimentar un cambio profundo a nivel f\u00edsico y emocional, y es clave para sostener relaciones interpersonales saludables y un v\u00ednculo armonioso con nuestros territorios.<\/figcaption><\/figure>\n<p><strong>Hacer la paz<\/strong><\/p>\n<p>El investigador sobre alimentaci\u00f3n y salud N\u00e9stor Palmetti, santafesino radicado en Villa Las Rosas, C\u00f3rdoba, sostiene que \u201cdecimos y hacemos seg\u00fan nos alimentamos\u201d. Si ensuciamos el cuerpo, si lo cargamos de sustancias que \u201cnos caen como una bomba\u201d posible\u00admente vayamos contaminando nuestras conversacio\u00adnes. \u00bfSer\u00e1 la ra\u00edz de los desencuentros en las sociedades modernas?<\/p>\n<p>Lo muy cierto es que consumir grasas, sales y az\u00facares en exceso provoca duras exigencias al cora\u00adz\u00f3n, al h\u00edgado y los pulmones. \u201cNecesitamos ocupar\u00adnos de cultivar el jard\u00edn interior y quitar todo aquello que nos hace mal\u201d, dice Palmetti y pregona la depu\u00adraci\u00f3n de las toxinas del cuerpo sosteniendo h\u00e1bitos que den lugar a la salud y a la energ\u00eda vital. Lo mismo ocurre con los territorios comunes. En vez de amor volcamos \u201cinsumos\u201d y salimos corriendo a habitar en las ciudades. Las personas m\u00e1s postergadas van que\u00addando a la vera de los campos aspirando los residuos qu\u00edmicos y sobreviviendo junto a sus hijos, los alumnos de las escuelas rurales fumigadas. Son familias cuyas voces no suelen escucharse aunque sean los testigos m\u00e1s cercanos de una guerra biol\u00f3gica cuya devastaci\u00f3n est\u00e1 a la vista. M\u00e1s desierto, m\u00e1s inundaciones, menos bosques, menos diversidad de especies vegetales y ani\u00admales. Parece un relato apocal\u00edptico pero es bien real.<\/p>\n<p>Transitamos un contexto de escasez, desequilibrio ecosist\u00e9mico y colapso clim\u00e1tico que ya empieza a mostrar que las acciones individuales son necesarias (reciclar, comer menos carne, dejar los combustibles f\u00f3siles) pero insuficientes. Hay que seguir buscando modos de en\u00adtrar al portal de los cambios disruptivos, una b\u00fasqueda m\u00e1s profunda y amorosa nos espera.<\/p>\n<p>&nbsp;<\/p>\n<p>&nbsp;<\/p>\n<figure id=\"attachment_2371\" aria-describedby=\"caption-attachment-2371\" style=\"width: 1800px\" class=\"wp-caption alignnone\"><img decoding=\"async\" loading=\"lazy\" class=\"wp-image-2371 size-full\" src=\"https:\/\/qiarg.org\/magazine\/wp-content\/uploads\/2023\/02\/Foto_Alimentos.jpeg\" alt=\"\" width=\"1800\" height=\"1200\" srcset=\"https:\/\/qiarg.org\/magazine\/wp-content\/uploads\/2023\/02\/Foto_Alimentos.jpeg 1800w, https:\/\/qiarg.org\/magazine\/wp-content\/uploads\/2023\/02\/Foto_Alimentos-300x200.jpeg 300w, https:\/\/qiarg.org\/magazine\/wp-content\/uploads\/2023\/02\/Foto_Alimentos-1024x683.jpeg 1024w, https:\/\/qiarg.org\/magazine\/wp-content\/uploads\/2023\/02\/Foto_Alimentos-768x512.jpeg 768w, https:\/\/qiarg.org\/magazine\/wp-content\/uploads\/2023\/02\/Foto_Alimentos-1536x1024.jpeg 1536w, https:\/\/qiarg.org\/magazine\/wp-content\/uploads\/2023\/02\/Foto_Alimentos-750x500.jpeg 750w, https:\/\/qiarg.org\/magazine\/wp-content\/uploads\/2023\/02\/Foto_Alimentos-1140x760.jpeg 1140w\" sizes=\"(max-width: 1800px) 100vw, 1800px\" \/><figcaption id=\"caption-attachment-2371\" class=\"wp-caption-text\">Una alimentaci\u00f3n saludable y equilibrada es esencial para que el cuerpo movilice su energ\u00eda reparadora y curativa.<\/figcaption><\/figure>\n<p><strong>Competencia versus colaboraci\u00f3n<\/strong><\/p>\n<p>\u00bfQui\u00e9n ha dicho que para sobrevivir hay que hacer desaparecer al otro? Si dej\u00e1semos la competencia por la colaboraci\u00f3n hay espacio, alimentos y trabajo para todos. No hace falta ensuciar, matar ni eclipsar a nadie.<\/p>\n<p>Un mundo m\u00e1s arm\u00f3nico es posible y menos trabajoso que el que nos hemos creado. En las socieda\u00addes democr\u00e1ticas en las que vivimos nos ense\u00f1aron a decir que la libertad es un bien y que contamos con la posibilidad de elegirlo todo. \u00bfEstamos eligiendo bien, tenemos la independencia necesaria para hacerlo, es posible elegir si en la comunidad que habitamos priman el miedo y la desconfianza, estamos eligiendo algo?<\/p>\n<p>Cuando nos encontramos frente a una g\u00f3ndola de supermercado con variedad interminable de mar\u00adcas y combinaciones, \u00bfde verdad estamos eligiendo o estamos optando por el mal menor de algo que otras personas ya eligieron por nosotros? Cuando decidi\u00admos el modo de curarnos, \u00bfelegimos o es el sistema de salud quien elige por nosotros, pr\u00e1cticas, m\u00e9todos y sustancias para remediar? Podr\u00edamos hacer el mismo ejercicio con nuestros trabajos y, si quisi\u00e9ramos ser m\u00e1s agudos, tambi\u00e9n con la educaci\u00f3n. \u00bfQui\u00e9n est\u00e1 decidiendo cu\u00e1l es la educaci\u00f3n necesaria? \u00bfSomos nosotros o es un Ministerio? La sola menci\u00f3n en el texto suena rid\u00edcula para este final del primer cuarto del siglo XXI. Seguimos regidos por una institucionalidad pensada para un mundo que ha dejado de existir, en el caso de la educaci\u00f3n, para generaciones con una estructura diferente y con un marco de refe\u00adrencia inexistente hace 30 a\u00f1os nom\u00e1s (el avance de las tecnolog\u00edas, el cambio clim\u00e1tico como una ame\u00adnaza cierta, el colapso de las ciudades y los modos de consumir). Otros valores, prioridades diferentes, percepciones m\u00e1s sutiles.<\/p>\n<blockquote class=\"pullquote align-center\"><p>El control de nuestros cuerpos y una convivencia m\u00e1s agraciada con el territorio que habitamos requiere decisiones que alienten la paz, el amor y el agradecimiento por lo que nos ha sido dado.<\/p><\/blockquote>\n<p>&nbsp;<\/p>\n<figure id=\"attachment_2373\" aria-describedby=\"caption-attachment-2373\" style=\"width: 2560px\" class=\"wp-caption alignnone\"><img decoding=\"async\" loading=\"lazy\" class=\"wp-image-2373 size-full\" src=\"https:\/\/qiarg.org\/magazine\/wp-content\/uploads\/2023\/02\/Foto_Mudra-scaled.jpg\" alt=\"\" width=\"2560\" height=\"1704\" srcset=\"https:\/\/qiarg.org\/magazine\/wp-content\/uploads\/2023\/02\/Foto_Mudra-scaled.jpg 2560w, https:\/\/qiarg.org\/magazine\/wp-content\/uploads\/2023\/02\/Foto_Mudra-300x200.jpg 300w, https:\/\/qiarg.org\/magazine\/wp-content\/uploads\/2023\/02\/Foto_Mudra-1024x682.jpg 1024w, https:\/\/qiarg.org\/magazine\/wp-content\/uploads\/2023\/02\/Foto_Mudra-768x511.jpg 768w, https:\/\/qiarg.org\/magazine\/wp-content\/uploads\/2023\/02\/Foto_Mudra-1536x1022.jpg 1536w, https:\/\/qiarg.org\/magazine\/wp-content\/uploads\/2023\/02\/Foto_Mudra-2048x1363.jpg 2048w, https:\/\/qiarg.org\/magazine\/wp-content\/uploads\/2023\/02\/Foto_Mudra-750x499.jpg 750w, https:\/\/qiarg.org\/magazine\/wp-content\/uploads\/2023\/02\/Foto_Mudra-1140x759.jpg 1140w\" sizes=\"(max-width: 2560px) 100vw, 2560px\" \/><figcaption id=\"caption-attachment-2373\" class=\"wp-caption-text\">La meditaci\u00f3n permite dirigir nuestros pensamientos y acciones, impactando positivamente en nosotros y el entorno.<\/figcaption><\/figure>\n<p><strong>Felicidades<\/strong><br \/>\nPaso por estas p\u00e1ginas de Qi, tan cercanos al nue\u00advo a\u00f1o, para dejarles el desaf\u00edo de pensar por qu\u00e9 seguimos delegando el cuidado (de nuestro cuerpo, de la tierra, de nuestras organizaciones) en quienes no saben cuidar. Y descontando que pronto nos ocupa\u00adremos de revertirlo, levanto mi copa para que en los pr\u00f3ximos a\u00f1os podamos agradecer el alimento de suave textura, sin veneno, fresco y cercano, los nuevos v\u00ednculos colaborativos, el amor alrededor.<\/p>\n<p>El control de nuestros cuerpos y una convivencia m\u00e1s agraciada con el territorio que habitamos requiere la aparici\u00f3n de una corriente universal animada por decisiones que alienten la paz, el amor y el agradecimiento por lo que nos ha sido dado. No la guerra contra territorios y personas, contra las especies y nuestros organismos. Anim\u00e9monos a elegir.<\/p>\n","protected":false},"excerpt":{"rendered":"<p>H asta bastante mayorcito pen\u00ads\u00e9 que el h\u00edgado estaba en mi parte izquierda. Entonces, cualquier dolor por ah\u00ed de\u00adc\u00eda: \u201cAlgo me pate\u00f3 el h\u00edgado\u2026\u201d En realidad me dol\u00eda el bazo y el d\u00eda que decid\u00ed atender eso, descubr\u00ed para siempre que el h\u00edgado est\u00e1 a la derecha. Ser\u00eda muy ingrato atribuir semejante confusi\u00f3n a las [&hellip;]<\/p>\n","protected":false},"author":3,"featured_media":2372,"comment_status":"closed","ping_status":"closed","sticky":false,"template":"","format":"standard","meta":[],"categories":[142],"tags":[],"acf":[],"_links":{"self":[{"href":"https:\/\/qiarg.org\/magazine\/wp-json\/wp\/v2\/posts\/2370"}],"collection":[{"href":"https:\/\/qiarg.org\/magazine\/wp-json\/wp\/v2\/posts"}],"about":[{"href":"https:\/\/qiarg.org\/magazine\/wp-json\/wp\/v2\/types\/post"}],"author":[{"embeddable":true,"href":"https:\/\/qiarg.org\/magazine\/wp-json\/wp\/v2\/users\/3"}],"replies":[{"embeddable":true,"href":"https:\/\/qiarg.org\/magazine\/wp-json\/wp\/v2\/comments?post=2370"}],"version-history":[{"count":3,"href":"https:\/\/qiarg.org\/magazine\/wp-json\/wp\/v2\/posts\/2370\/revisions"}],"predecessor-version":[{"id":2657,"href":"https:\/\/qiarg.org\/magazine\/wp-json\/wp\/v2\/posts\/2370\/revisions\/2657"}],"wp:featuredmedia":[{"embeddable":true,"href":"https:\/\/qiarg.org\/magazine\/wp-json\/wp\/v2\/media\/2372"}],"wp:attachment":[{"href":"https:\/\/qiarg.org\/magazine\/wp-json\/wp\/v2\/media?parent=2370"}],"wp:term":[{"taxonomy":"category","embeddable":true,"href":"https:\/\/qiarg.org\/magazine\/wp-json\/wp\/v2\/categories?post=2370"},{"taxonomy":"post_tag","embeddable":true,"href":"https:\/\/qiarg.org\/magazine\/wp-json\/wp\/v2\/tags?post=2370"}],"curies":[{"name":"wp","href":"https:\/\/api.w.org\/{rel}","templated":true}]}}