{"id":2358,"date":"2023-02-07T17:01:13","date_gmt":"2023-02-07T20:01:13","guid":{"rendered":"https:\/\/qiarg.org\/magazine\/?p=2358"},"modified":"2023-02-17T10:22:34","modified_gmt":"2023-02-17T13:22:34","slug":"vistas-8","status":"publish","type":"post","link":"https:\/\/qiarg.org\/magazine\/vistas-8\/","title":{"rendered":"Vistas+"},"content":{"rendered":"<p>[vc_row]<br \/>\n[vc_column width=\u00bb1\/4&#8243;][vc_column_text]<br \/>\n<img decoding=\"async\" loading=\"lazy\" class=\"foto-seccion wp-image-2422 size-medium alignleft\" src=\"https:\/\/qiarg.org\/magazine\/wp-content\/uploads\/2023\/02\/pagina8-300x200.jpg\" alt=\"\" width=\"300\" height=\"200\" srcset=\"https:\/\/qiarg.org\/magazine\/wp-content\/uploads\/2023\/02\/pagina8-300x200.jpg 300w, https:\/\/qiarg.org\/magazine\/wp-content\/uploads\/2023\/02\/pagina8-1024x683.jpg 1024w, https:\/\/qiarg.org\/magazine\/wp-content\/uploads\/2023\/02\/pagina8-768x512.jpg 768w, https:\/\/qiarg.org\/magazine\/wp-content\/uploads\/2023\/02\/pagina8-1536x1024.jpg 1536w, https:\/\/qiarg.org\/magazine\/wp-content\/uploads\/2023\/02\/pagina8-750x500.jpg 750w, https:\/\/qiarg.org\/magazine\/wp-content\/uploads\/2023\/02\/pagina8-1140x760.jpg 1140w, https:\/\/qiarg.org\/magazine\/wp-content\/uploads\/2023\/02\/pagina8.jpg 1920w\" sizes=\"(max-width: 300px) 100vw, 300px\" \/><br \/>\n[\/vc_column_text][\/vc_column]<\/p>\n<p>[vc_column width=\u00bb3\/4&#8243;][vc_column_text]<\/p>\n<h3><strong>Empresas B reunidas en Rosario por una econom\u00eda regenerativa y del bien com\u00fan<\/strong><\/h3>\n<p>El 4 de noviembre se realiz\u00f3 en Rosario el Encuentro Nacional de Empresas B, una jornada donde se presentaron y debatieron soluciones a problem\u00e1ticas socio-ambientales a partir de la innovaci\u00f3n en los nego\u00adcios.<\/p>\n<p>\u201cLas empresas pueden y deben ser agentes de cambio hacia una econom\u00eda m\u00e1s equitativa, inclusiva y regenerativa, y asegurar el desarrollo sustentable de las comunidades\u201d, dijo Cecilia Pelusso, co-directora de Sistema B, en la apertura del evento. Esta organizaci\u00f3n brinda herra\u00admientas para una transici\u00f3n hacia negocios de triple impacto, que creen valor econ\u00f3mico, social y ambiental.<\/p>\n<p>Del encuentro participaron empresa\u00adrios y referentes locales e internacio\u00adnales del sistema B, como Joan Mel\u00e9, presidente en Fundaci\u00f3n Dinero y Conciencia, y promotor de la Banca \u00c9tica, quien destac\u00f3 la necesidad de \u201cpasar de una econom\u00eda basada solo en crecimiento y b\u00fasqueda de bene\u00adficios a corto plazo a una econom\u00eda con prop\u00f3sito, donde se habla m\u00e1s de valor que de precio\u201d. Tambi\u00e9n participaron Luciana Cornaglia, referente de Econom\u00eda del Bien Co\u00adm\u00fan, \u201cun modelo post-capitalista, en el que los recursos econ\u00f3micos se transforman en el \u02bbmedio\u02bc y no en el \u0301fin \u0301 de las relaciones\u201d; y Ronald Sistek, de Econom\u00eda Regenerativa, un paradigma que transforma las narrativas de crecimiento infinito, y propone m\u00e1s all\u00e1 de reducir el impacto ambiental negativo, recons\u00adtruir y reparar.<br \/>\n[\/vc_column_text][\/vc_column]<br \/>\n[\/vc_row]<\/p>\n<p>&nbsp;<\/p>\n<p>[vc_row]<br \/>\n[vc_column width=\u00bb1\/4&#8243;][vc_column_text]<br \/>\n<img decoding=\"async\" loading=\"lazy\" class=\"foto-seccion alignleft wp-image-2423 size-medium\" src=\"https:\/\/qiarg.org\/magazine\/wp-content\/uploads\/2023\/02\/pagina8B-300x200.jpg\" alt=\"\" width=\"300\" height=\"200\" srcset=\"https:\/\/qiarg.org\/magazine\/wp-content\/uploads\/2023\/02\/pagina8B-300x200.jpg 300w, https:\/\/qiarg.org\/magazine\/wp-content\/uploads\/2023\/02\/pagina8B-1024x683.jpg 1024w, https:\/\/qiarg.org\/magazine\/wp-content\/uploads\/2023\/02\/pagina8B-768x512.jpg 768w, https:\/\/qiarg.org\/magazine\/wp-content\/uploads\/2023\/02\/pagina8B-1536x1025.jpg 1536w, https:\/\/qiarg.org\/magazine\/wp-content\/uploads\/2023\/02\/pagina8B-750x500.jpg 750w, https:\/\/qiarg.org\/magazine\/wp-content\/uploads\/2023\/02\/pagina8B-1140x761.jpg 1140w, https:\/\/qiarg.org\/magazine\/wp-content\/uploads\/2023\/02\/pagina8B.jpg 1920w\" sizes=\"(max-width: 300px) 100vw, 300px\" \/><br \/>\n[\/vc_column_text][\/vc_column]<\/p>\n<p>[vc_column width=\u00bb3\/4&#8243;][vc_column_text]<\/p>\n<h3><strong>Cabinas m\u00e1s sostenibles<\/strong><\/h3>\n<p><strong>LATAM elimina el 75% de pl\u00e1sti\u00adcos de un solo uso a bordo.<\/strong><\/p>\n<p>La iniciativa se enmarca dentro del compromiso del grupo de elimi\u00adnar todos los pl\u00e1sticos de un solo uso en su operaci\u00f3n al 2023. Los cambios en el servicio de su cabina Economy le permitieron eliminar m\u00e1s de 1.200 toneladas de pl\u00e1sticos de un solo uso, lo que equivale a suprimir 36 mil botellas pl\u00e1sticas de 500 ml. El nuevo servicio busca implementar una cabina m\u00e1s soste\u00adnible reemplazando el pl\u00e1stico de todos los elementos a bordo (vasos, cubiertos, bandejas), por materiales m\u00e1s sostenibles como cubiertos de bamb\u00fa, bandejas reutilizables, empaque de papel kraft para cu\u00adbiertos y vasos de papel sostenible certificado.<br \/>\n[\/vc_column_text][\/vc_column]<br \/>\n[\/vc_row]<\/p>\n<p>&nbsp;<\/p>\n<p>[vc_row]<br \/>\n[vc_column width=\u00bb1\/4&#8243;][vc_column_text]<br \/>\n<img decoding=\"async\" loading=\"lazy\" class=\"foto-seccion alignleft wp-image-2462 size-medium\" src=\"https:\/\/qiarg.org\/magazine\/wp-content\/uploads\/2023\/02\/Dove-266x300.jpg\" alt=\"\" width=\"266\" height=\"300\" srcset=\"https:\/\/qiarg.org\/magazine\/wp-content\/uploads\/2023\/02\/Dove-266x300.jpg 266w, https:\/\/qiarg.org\/magazine\/wp-content\/uploads\/2023\/02\/Dove.jpg 395w\" sizes=\"(max-width: 266px) 100vw, 266px\" \/><br \/>\n[\/vc_column_text][\/vc_column]<\/p>\n<p>[vc_column width=\u00bb3\/4&#8243;][vc_column_text]<\/p>\n<h3><strong>Una opci\u00f3n natural sin resignar resultados <\/strong><\/h3>\n<p><strong>Dove lanza su primera l\u00ednea natu\u00adral a base de plantas. <\/strong><\/p>\n<p>En el marco de la estrategia de sustentabilidad global de Unilever, Dove lanza su primera l\u00ednea natural \u201cReal Poder de las Plantas\u201d que incluye shampoo, acondicionador y mascarilla formulados libres de parabenos, siliconas, sulfatos y colarantes. La l\u00ednea contiene una fragancia 100% de origen natural y m\u00e1s del 95% de sus ingredientes son de origen natural. Cuentan con certificaci\u00f3n Cruelty Free (PETA), y sus botellas son 100% reciclables y producidas con pl\u00e1stico 100% reciclado.<br \/>\n[\/vc_column_text][\/vc_column]<br \/>\n[\/vc_row]<\/p>\n<p>&nbsp;<\/p>\n<p>[vc_row]<br \/>\n[vc_column width=\u00bb1\/4&#8243;][vc_column_text]<br \/>\n<img decoding=\"async\" loading=\"lazy\" class=\"foto-seccion alignleft wp-image-2424 size-medium\" src=\"https:\/\/qiarg.org\/magazine\/wp-content\/uploads\/2023\/02\/pagina9-300x200.jpg\" alt=\"\" width=\"300\" height=\"200\" srcset=\"https:\/\/qiarg.org\/magazine\/wp-content\/uploads\/2023\/02\/pagina9-300x200.jpg 300w, https:\/\/qiarg.org\/magazine\/wp-content\/uploads\/2023\/02\/pagina9-1024x683.jpg 1024w, https:\/\/qiarg.org\/magazine\/wp-content\/uploads\/2023\/02\/pagina9-768x512.jpg 768w, https:\/\/qiarg.org\/magazine\/wp-content\/uploads\/2023\/02\/pagina9-750x500.jpg 750w, https:\/\/qiarg.org\/magazine\/wp-content\/uploads\/2023\/02\/pagina9.jpg 1080w\" sizes=\"(max-width: 300px) 100vw, 300px\" \/><br \/>\n[\/vc_column_text][\/vc_column]<\/p>\n<p>[vc_column width=\u00bb3\/4&#8243;][vc_column_text]<\/p>\n<h3><strong>Residuos cero <\/strong><\/h3>\n<p><strong>Sanofi Argentina logr\u00f3 la certifica\u00adci\u00f3n TRUE. <\/strong><\/p>\n<p>Es la primera empresa farmac\u00e9utica de Latinoam\u00e9rica en alcanzar la certi\u00adficaci\u00f3n que brinda el Green Business Certification Inc., que la posiciona como pionera en la regi\u00f3n en garan\u00adtizar que sus residuos se separan, reciclan y se compostan.<\/p>\n<p>Mara Leonardi, directora de Comu\u00adnicaci\u00f3n y Sustentabilidad de Sanofi para Cono Sur, explica: \u201cnuestro compromiso con la sustentabilidad se basa en cuatro pilares: Acelerar el acceso a medicamentos &#8211; Sanofi Global Health; Apoyo a comunidades vulnerables; Fomentar la Diversidad &amp; Inclusi\u00f3n entre nuestros colabora\u00addores y Compromiso con el medio ambiente\u201d. Esta nueva certificaci\u00f3n, se suma a las ya obtenidas: LEED y Fitwel.<br \/>\n[\/vc_column_text][\/vc_column]<br \/>\n[\/vc_row]<\/p>\n<p>&nbsp;<\/p>\n<p>[vc_row]<br \/>\n[vc_column width=\u00bb1\/4&#8243;][vc_column_text]<br \/>\n<img decoding=\"async\" loading=\"lazy\" class=\"foto-seccion alignleft wp-image-2425 size-medium\" src=\"https:\/\/qiarg.org\/magazine\/wp-content\/uploads\/2023\/02\/pagina9-ave-300x300.jpeg\" alt=\"\" width=\"300\" height=\"300\" srcset=\"https:\/\/qiarg.org\/magazine\/wp-content\/uploads\/2023\/02\/pagina9-ave-300x300.jpeg 300w, https:\/\/qiarg.org\/magazine\/wp-content\/uploads\/2023\/02\/pagina9-ave-1022x1024.jpeg 1022w, https:\/\/qiarg.org\/magazine\/wp-content\/uploads\/2023\/02\/pagina9-ave-150x150.jpeg 150w, https:\/\/qiarg.org\/magazine\/wp-content\/uploads\/2023\/02\/pagina9-ave-768x770.jpeg 768w, https:\/\/qiarg.org\/magazine\/wp-content\/uploads\/2023\/02\/pagina9-ave-1533x1536.jpeg 1533w, https:\/\/qiarg.org\/magazine\/wp-content\/uploads\/2023\/02\/pagina9-ave-75x75.jpeg 75w, https:\/\/qiarg.org\/magazine\/wp-content\/uploads\/2023\/02\/pagina9-ave-750x752.jpeg 750w, https:\/\/qiarg.org\/magazine\/wp-content\/uploads\/2023\/02\/pagina9-ave-1140x1142.jpeg 1140w, https:\/\/qiarg.org\/magazine\/wp-content\/uploads\/2023\/02\/pagina9-ave.jpeg 1920w\" sizes=\"(max-width: 300px) 100vw, 300px\" \/><br \/>\n[\/vc_column_text][\/vc_column]<\/p>\n<p>[vc_column width=\u00bb3\/4&#8243;][vc_column_text]<\/p>\n<h3><strong>Apuesta para conservar la selva <\/strong><\/h3>\n<p><strong>Desde su Proyecto Bosque Atl\u00e1n\u00adtico, Aves Argentinas presenta Yerba CA\u00c1. <\/strong><\/p>\n<p>CA\u00c1, Cultivo Amigo de las Aves, es un protocolo de producci\u00f3n y conservaci\u00f3n, respaldado por un Sello de Verificaci\u00f3n que identifica el producto comercial.<\/p>\n<p>Dirigido a productores primarios y empresas yerbateras de la provincia de Mi\u00adsiones y Corrientes que producen y comercializan yerba mate org\u00e1nica ya certificada o en proceso de serlo, tiene como objetivo conservar la biodiversidad con \u00e1reas protegidas, educaci\u00f3n ambiental, y ordena\u00admiento territorial, pero tambi\u00e9n desde las g\u00f3ndolas, a trav\u00e9s de un consumo responsable.<br \/>\n[\/vc_column_text][\/vc_column]<br \/>\n[\/vc_row]<\/p>\n<p>&nbsp;<\/p>\n<p>[vc_row]<br \/>\n[vc_column width=\u00bb1\/4&#8243;][vc_column_text]<br \/>\n<img decoding=\"async\" loading=\"lazy\" class=\"foto-seccion alignleft wp-image-2461 size-medium\" src=\"https:\/\/qiarg.org\/magazine\/wp-content\/uploads\/2023\/02\/Las-Brisas-200x300.jpg\" alt=\"\" width=\"200\" height=\"300\" srcset=\"https:\/\/qiarg.org\/magazine\/wp-content\/uploads\/2023\/02\/Las-Brisas-200x300.jpg 200w, https:\/\/qiarg.org\/magazine\/wp-content\/uploads\/2023\/02\/Las-Brisas.jpg 237w\" sizes=\"(max-width: 200px) 100vw, 200px\" \/><br \/>\n[\/vc_column_text][\/vc_column]<\/p>\n<p>[vc_column width=\u00bb3\/4&#8243;][vc_column_text]<\/p>\n<h3><strong>Cultura Org\u00e1nica <\/strong><\/h3>\n<p><strong>Las Brisas estrena nueva imagen y sella alianzas para contribuir al cuidado del planeta.<\/strong><\/p>\n<p>La marca l\u00edder y referente en el mercado de alimentos org\u00e1nicos, que cuenta con certifi\u00adcaci\u00f3n en toda su cadena de producci\u00f3n, re\u00adnov\u00f3 su imagen sumando color a las g\u00f3ndo\u00adlas con su l\u00ednea de jugos, limonadas, detox, smoothies y dulces.<\/p>\n<p>Comprometida desde su origen con el cuidado de la salud de las personas y la del planeta, gener\u00f3 alianzas con diferentes organizaciones ambientalistas para difundir su mensaje de concientizaci\u00f3n, Qi Argentina es una de ellas.<\/p>\n<p>En cada l\u00ednea de productos puede encontrarse un c\u00f3digo QR a trav\u00e9s del cual se accede a informaci\u00f3n relevante mientras se disfruta la inigualable experiencia del sabor a fruta sin conservan\u00adtes, colorantes ni saborizantes.<br \/>\n[\/vc_column_text][\/vc_column]<br \/>\n[\/vc_row]<\/p>\n<p>&nbsp;<\/p>\n<p>[vc_row]<br \/>\n[vc_column width=\u00bb1\/4&#8243;][vc_column_text]<br \/>\n<img decoding=\"async\" loading=\"lazy\" class=\"foto-seccion alignleft wp-image-2426 size-medium\" src=\"https:\/\/qiarg.org\/magazine\/wp-content\/uploads\/2023\/02\/Quilmes-300x247.jpg\" alt=\"\" width=\"300\" height=\"247\" srcset=\"https:\/\/qiarg.org\/magazine\/wp-content\/uploads\/2023\/02\/Quilmes-300x247.jpg 300w, https:\/\/qiarg.org\/magazine\/wp-content\/uploads\/2023\/02\/Quilmes-1024x844.jpg 1024w, https:\/\/qiarg.org\/magazine\/wp-content\/uploads\/2023\/02\/Quilmes-768x633.jpg 768w, https:\/\/qiarg.org\/magazine\/wp-content\/uploads\/2023\/02\/Quilmes-1536x1266.jpg 1536w, https:\/\/qiarg.org\/magazine\/wp-content\/uploads\/2023\/02\/Quilmes-750x618.jpg 750w, https:\/\/qiarg.org\/magazine\/wp-content\/uploads\/2023\/02\/Quilmes-1140x940.jpg 1140w, https:\/\/qiarg.org\/magazine\/wp-content\/uploads\/2023\/02\/Quilmes.jpg 1698w\" sizes=\"(max-width: 300px) 100vw, 300px\" \/><br \/>\n[\/vc_column_text][\/vc_column]<\/p>\n<p>[vc_column width=\u00bb3\/4&#8243;][vc_column_text]<\/p>\n<h3><strong>Otra forma de hacer las cosas<\/strong><\/h3>\n<p><strong>Charly Alberti y Cervecer\u00eda y Malter\u00eda<br \/>\nQuilmes lanzan 27 Eazy.<\/strong><\/p>\n<p>Se trata de una cerveza lupulada hecha con malta de agricultura regenerativa que abre un camino novedoso en el modo de elabo\u00adrar cerveza.<\/p>\n<p>\u201cEn materia de sustentabilidad nosotros venimos trabajando hace a\u00f1os y cuando nos cont\u00f3 Charly su sue\u00f1o con 27, coincidimos en que elaborarla con malta de cebada proveniente de la agricultura rege\u00adnerativa era lo que ten\u00edamos que hacer. Es un paso m\u00e1s rumbo a la carbono neutrali\u00addad\u201d explica Eugenio Raffo, vicepresidente de Cervecer\u00eda y Malter\u00eda Quilmes.<br \/>\n[\/vc_column_text][\/vc_column]<br \/>\n[\/vc_row]<\/p>\n<p>&nbsp;<\/p>\n<p>[vc_row]<br \/>\n[vc_column width=\u00bb1\/4&#8243;][vc_column_text]<br \/>\n<img decoding=\"async\" loading=\"lazy\" class=\"foto-seccion alignleft wp-image-2421 size-medium\" src=\"https:\/\/qiarg.org\/magazine\/wp-content\/uploads\/2023\/02\/Oscar-300x211.jpg\" alt=\"\" width=\"300\" height=\"211\" srcset=\"https:\/\/qiarg.org\/magazine\/wp-content\/uploads\/2023\/02\/Oscar-300x211.jpg 300w, https:\/\/qiarg.org\/magazine\/wp-content\/uploads\/2023\/02\/Oscar-768x540.jpg 768w, https:\/\/qiarg.org\/magazine\/wp-content\/uploads\/2023\/02\/Oscar-750x528.jpg 750w, https:\/\/qiarg.org\/magazine\/wp-content\/uploads\/2023\/02\/Oscar.jpg 853w\" sizes=\"(max-width: 300px) 100vw, 300px\" \/><br \/>\n[\/vc_column_text][\/vc_column]<\/p>\n<p>[vc_column width=\u00bb3\/4&#8243;][vc_column_text]<\/p>\n<h3><strong>Hacia un cambio de paradigma <\/strong><\/h3>\n<p><strong>El Foro de transporte sustentable organizado por Scania Argentina, plan\u00adte\u00f3 un fuerte compromiso con el ambiente. <\/strong><\/p>\n<p>La necesidad de una transici\u00f3n din\u00e1mica hacia un sistema de transporte sustentable fue el punto de coincidencia en el 2\u00b0 Foro de Transporte Sus\u00adtentable, realizado en el Malba.<\/p>\n<p>El CEO de Scania Argentina, Oscar Jaern, advirti\u00f3 que el cambio clim\u00e1tico es \u201cuna de las principales amenazas para el planeta\u201d y alert\u00f3 que \u201cel 25% de las emisiones globales proviene del transporte\u201d. Destac\u00f3 adem\u00e1s, que la movilidad sustentable se apoya en tres pilares: Eficiencia Energ\u00e9tica, Combustibles renovables y electrificaci\u00f3n, y Transporte Inteligente y Seguro.<br \/>\n[\/vc_column_text][\/vc_column]<br \/>\n[\/vc_row]<\/p>\n","protected":false},"excerpt":{"rendered":"<p>[vc_row] [vc_column width=\u00bb1\/4&#8243;][vc_column_text] [\/vc_column_text][\/vc_column] [vc_column width=\u00bb3\/4&#8243;][vc_column_text] Empresas B reunidas en Rosario por una econom\u00eda regenerativa y del bien com\u00fan El 4 de noviembre se realiz\u00f3 en Rosario el Encuentro Nacional de Empresas B, una jornada donde se presentaron y debatieron soluciones a problem\u00e1ticas socio-ambientales a partir de la innovaci\u00f3n en los nego\u00adcios. \u201cLas empresas pueden [&hellip;]<\/p>\n","protected":false},"author":3,"featured_media":0,"comment_status":"closed","ping_status":"closed","sticky":false,"template":"","format":"standard","meta":[],"categories":[142],"tags":[],"acf":[],"_links":{"self":[{"href":"https:\/\/qiarg.org\/magazine\/wp-json\/wp\/v2\/posts\/2358"}],"collection":[{"href":"https:\/\/qiarg.org\/magazine\/wp-json\/wp\/v2\/posts"}],"about":[{"href":"https:\/\/qiarg.org\/magazine\/wp-json\/wp\/v2\/types\/post"}],"author":[{"embeddable":true,"href":"https:\/\/qiarg.org\/magazine\/wp-json\/wp\/v2\/users\/3"}],"replies":[{"embeddable":true,"href":"https:\/\/qiarg.org\/magazine\/wp-json\/wp\/v2\/comments?post=2358"}],"version-history":[{"count":7,"href":"https:\/\/qiarg.org\/magazine\/wp-json\/wp\/v2\/posts\/2358\/revisions"}],"predecessor-version":[{"id":2774,"href":"https:\/\/qiarg.org\/magazine\/wp-json\/wp\/v2\/posts\/2358\/revisions\/2774"}],"wp:attachment":[{"href":"https:\/\/qiarg.org\/magazine\/wp-json\/wp\/v2\/media?parent=2358"}],"wp:term":[{"taxonomy":"category","embeddable":true,"href":"https:\/\/qiarg.org\/magazine\/wp-json\/wp\/v2\/categories?post=2358"},{"taxonomy":"post_tag","embeddable":true,"href":"https:\/\/qiarg.org\/magazine\/wp-json\/wp\/v2\/tags?post=2358"}],"curies":[{"name":"wp","href":"https:\/\/api.w.org\/{rel}","templated":true}]}}