{"id":2260,"date":"2023-02-01T17:34:42","date_gmt":"2023-02-01T20:34:42","guid":{"rendered":"https:\/\/qiarg.org\/magazine\/?p=2260"},"modified":"2023-02-10T19:33:05","modified_gmt":"2023-02-10T22:33:05","slug":"energia-agua-y-salud-para-un-mejor-ambiente","status":"publish","type":"post","link":"https:\/\/qiarg.org\/magazine\/energia-agua-y-salud-para-un-mejor-ambiente\/","title":{"rendered":"\u201cEnerg\u00eda, agua y salud para un mejor ambiente\u201d"},"content":{"rendered":"<p><span class=\"dropcap \" style=\"background-color: #ffffff; color: #000000; border-color: #ffffff;\">L<\/span><\/p>\n<p>a iniciativa se enmarca en el compromiso de CAF -Banco de Desarrollo de Am\u00e9rica\u00a0 Latina- de convertirse en el banco verde de la regi\u00f3n, para mejorar la calidad de vida de los ciudadanos y promover acciones de adaptaci\u00f3n y lucha contra el cambio clim\u00e1tico.<\/p>\n<p>La presidenta de AySA, Malena Galmarini, particip\u00f3 junto al presidente de CAF, Sergio D\u00edaz Granados, de la apertura de la presentaci\u00f3n del reporte Infraestructura en el Desarrollo de Am\u00e9rica Latina (IDEAL) 2022, titulado \u201cEnerg\u00eda, agua y salud para un mejor medio ambiente\u201d, que estudia en profundidad el rol de los sectores estrat\u00e9gicos para el desarrollo sostenible para la regi\u00f3n. El organismo tiene previsto invertir 25 mil millones de d\u00f3lares para 2026, e incrementar el financiamiento sustentable desde el 26 al 40 por ciento para ese a\u00f1o.<\/p>\n<p>En este marco, Malena Galmarini, presidenta de AySA, se\u00f1al\u00f3: \u201cQuiero agradecer todo el acompa\u00f1amiento de CAF. Es imposible que en Am\u00e9rica Latina y en Argentina, puedan desarrollarse obras de envergadura sin el apoyo y el acompa\u00f1amiento internacional que se precisa. No hay presupuesto de un pa\u00eds que pueda aguantar estas obras que son de m\u00e1s de 1000 millones de d\u00f3lares. Creemos que trabajar sobre energ\u00eda, agua, salud y medio ambiente no podemos hacerlo solos. No puede hacerlo s\u00f3lo un gobierno, ni uno o varios bancos internacionales, sino con la comunidad, de manera colectiva\u201d.<\/p>\n<blockquote class=\"pullquote align-center\"><p>\u201cPara nosotros no es un gasto, es una inversi\u00f3n que nuestras comunidades tengan agua potable y saneamiento cloacal\u201d, <b>Malena Galmarini<\/b> &#8211; Presidenta de AySA<\/p><\/blockquote>\n<p>Por su parte, Sergio D\u00edaz Granados, presidente de CAF afirm\u00f3: \u201cEl IDEAL es uno de los reportes de conocimiento m\u00e1s importantes que tiene CAF, que naci\u00f3 con el objetivo de estudiar qu\u00e9 pasa con nuestra infraestructura en toda Am\u00e9rica Latina, en el contexto del profundo impacto que tiene en la regi\u00f3n el calentamiento global. Am\u00e9rica Latina es un continente que emite en proporci\u00f3n de su actividad econ\u00f3mica y de su poblaci\u00f3n. Es decir, no somos una gran regi\u00f3n emisora, pero sufrimos de manera dram\u00e1tica las consecuencias del cambio clim\u00e1tico, especialmente en el Caribe. Nuestro banco tiene el rol y el compromiso de visibilizar esta situaci\u00f3n a nivel global\u201d.<\/p>\n<p>El evento tuvo lugar el jueves 1 de diciembre en el Palacio de las Aguas Corrientes y cont\u00f3 con la participaci\u00f3n del vicepresidente corporativo de programaci\u00f3n estrat\u00e9gica de CAF, Christian Asinelli; el subsecretario de Relaciones Financieras Internacionales para el Desarrollo, Leandro Gorgal; la secretaria de Energ\u00eda, Flavia Roy\u00f3n; el director de Finanzas de YPF, Alejandro Lew; el Presidente del Grupo Energ\u00eda Bogot\u00e1, Juan Ricardo Ortega; el ejecutivo principal de CAF, Walter Cont, especialistas internacionales y representantes ejecutivos de CAF.<\/p>\n<p><img decoding=\"async\" loading=\"lazy\" class=\"alignnone wp-image-2262 size-full\" src=\"https:\/\/qiarg.org\/magazine\/wp-content\/uploads\/2023\/02\/Foto-Recuadro_Pag-49.jpg\" alt=\"\" width=\"1024\" height=\"768\" srcset=\"https:\/\/qiarg.org\/magazine\/wp-content\/uploads\/2023\/02\/Foto-Recuadro_Pag-49.jpg 1024w, https:\/\/qiarg.org\/magazine\/wp-content\/uploads\/2023\/02\/Foto-Recuadro_Pag-49-300x225.jpg 300w, https:\/\/qiarg.org\/magazine\/wp-content\/uploads\/2023\/02\/Foto-Recuadro_Pag-49-768x576.jpg 768w, https:\/\/qiarg.org\/magazine\/wp-content\/uploads\/2023\/02\/Foto-Recuadro_Pag-49-750x563.jpg 750w\" sizes=\"(max-width: 1024px) 100vw, 1024px\" \/><\/p>\n<p><b>Formaci\u00f3n de cuadros t\u00e9cnicos sanitaristas\u00a0<\/b><\/p>\n<p>La presidenta de AySA, Malena Galmarini recibi\u00f3 en la sede de la empresa en el microcentro porte\u00f1o, a Alberto Sileoni, director general de Cultura y Educaci\u00f3n de la provincia de Buenos Aires, con el objetivo de celebrar un convenio para promover la capacitaci\u00f3n profesional en el oficio sanitarista.<\/p>\n<p>El acuerdo contempla la realizaci\u00f3n de una unidad integral de Educaci\u00f3n T\u00e9cnica ubicada en la planta potabilizadora \u201cJuan Manuel de Rosas\u201d, de Dique Luj\u00e1n, Partido de Tigre, creando as\u00ed, instrumentos de cooperaci\u00f3n que favorezcan al sistema estudiantil y generen un lazo real entre la educaci\u00f3n y el trabajo genuino. Tambi\u00e9n participaron de la reuni\u00f3n el presidente de ARSAT, Facundo Leal, y el presidente de Trenes Argentinos Capital Humano y Ferrocarriles Argentinos Sociedad del Estado, Dami\u00e1n Contreras, que aplicar\u00e1n los mismos criterios de cooperaci\u00f3n integral en predios de cada empresa, para formar cuadros t\u00e9cnicos ferroviarios y de tecnolog\u00eda y comunicaciones.<\/p>\n<p>&nbsp;<\/p>\n","protected":false},"excerpt":{"rendered":"<p>L a iniciativa se enmarca en el compromiso de CAF -Banco de Desarrollo de Am\u00e9rica\u00a0 Latina- de convertirse en el banco verde de la regi\u00f3n, para mejorar la calidad de vida de los ciudadanos y promover acciones de adaptaci\u00f3n y lucha contra el cambio clim\u00e1tico. La presidenta de AySA, Malena Galmarini, particip\u00f3 junto al presidente [&hellip;]<\/p>\n","protected":false},"author":3,"featured_media":2261,"comment_status":"closed","ping_status":"closed","sticky":false,"template":"","format":"standard","meta":[],"categories":[140],"tags":[],"acf":[],"_links":{"self":[{"href":"https:\/\/qiarg.org\/magazine\/wp-json\/wp\/v2\/posts\/2260"}],"collection":[{"href":"https:\/\/qiarg.org\/magazine\/wp-json\/wp\/v2\/posts"}],"about":[{"href":"https:\/\/qiarg.org\/magazine\/wp-json\/wp\/v2\/types\/post"}],"author":[{"embeddable":true,"href":"https:\/\/qiarg.org\/magazine\/wp-json\/wp\/v2\/users\/3"}],"replies":[{"embeddable":true,"href":"https:\/\/qiarg.org\/magazine\/wp-json\/wp\/v2\/comments?post=2260"}],"version-history":[{"count":3,"href":"https:\/\/qiarg.org\/magazine\/wp-json\/wp\/v2\/posts\/2260\/revisions"}],"predecessor-version":[{"id":2588,"href":"https:\/\/qiarg.org\/magazine\/wp-json\/wp\/v2\/posts\/2260\/revisions\/2588"}],"wp:featuredmedia":[{"embeddable":true,"href":"https:\/\/qiarg.org\/magazine\/wp-json\/wp\/v2\/media\/2261"}],"wp:attachment":[{"href":"https:\/\/qiarg.org\/magazine\/wp-json\/wp\/v2\/media?parent=2260"}],"wp:term":[{"taxonomy":"category","embeddable":true,"href":"https:\/\/qiarg.org\/magazine\/wp-json\/wp\/v2\/categories?post=2260"},{"taxonomy":"post_tag","embeddable":true,"href":"https:\/\/qiarg.org\/magazine\/wp-json\/wp\/v2\/tags?post=2260"}],"curies":[{"name":"wp","href":"https:\/\/api.w.org\/{rel}","templated":true}]}}