{"id":2259,"date":"2023-02-01T17:47:35","date_gmt":"2023-02-01T20:47:35","guid":{"rendered":"https:\/\/qiarg.org\/magazine\/?p=2259"},"modified":"2023-09-20T23:16:54","modified_gmt":"2023-09-21T02:16:54","slug":"2023-el-ano-de-la-accion","status":"publish","type":"post","link":"https:\/\/qiarg.org\/magazine\/2023-el-ano-de-la-accion\/","title":{"rendered":"2023 el a\u00f1o de la acci\u00f3n"},"content":{"rendered":"<p><span class=\"dropcap \" style=\"background-color: #ffffff; color: #000000; border-color: #ffffff;\">S<\/span><\/p>\n<p>e acab\u00f3 el tiempo de los balances sobre lo que se hizo bien y mal en materia ambiental, sobre los avances y los retrocesos de las pol\u00edticas globales signadas por la guerra y los acuerdos alcanzados en la COP egipcia. Es la hora de encarar el 2023 y plantearnos la agenda para enfrentar los desaf\u00edos de este nuevo a\u00f1o. Investigadores, organizaciones ambientalistas, acad\u00e9micos y funcionarios anticipan que no ser\u00e1 un jard\u00edn de rosas y no podr\u00eda serlo en un escenario en el que la emergencia clim\u00e1tica obliga a medidas determinantes a cada momento. Hay un consenso: el tiempo para dar el gran paso se agota.<\/p>\n<p>Pero el a\u00f1o reci\u00e9n est\u00e1 por comenzar y, por ahora, podemos permitirnos debatir sobre los grandes retos que enfrentan el mundo y la Argentina en los meses que vienen. Luego, las palabras quedar\u00e1n de lado y solo servir\u00e1 actuar.<\/p>\n<p><b>El mundo, en la encrucijada\u00a0<\/b><\/p>\n<p>\u201cEl gran desaf\u00edo es comprender que los seres humanos somos parte de la naturaleza y que la depredaci\u00f3n del ser humano por el ser humano es tan grave como la depredaci\u00f3n de un bosque u otro ecosistema. Considerar que la pobreza es un problema ambiental producto de la opulencia de unos pocos es cuestionar la noci\u00f3n de sostenibilidad econ\u00f3mica del actual sistema para algunos y pensar nuevos caminos de sustentabilidad social, pol\u00edtica, econ\u00f3mica y ecol\u00f3gica para todos\u201d, explica la doctora Claudia Tomadoni, Mag\u00edster Scientae en Gesti\u00f3n Ambiental.<\/p>\n<p>En ese sentido, la fatalidad de la guerra tambi\u00e9n podr\u00eda generar una oportunidad en 2023. Para Nicol\u00e1s Tomaz\u00edn, Ingeniero Civil y Jefe del Programa Hidr\u00e1ulica Mar\u00edtima del Instituto Nacional del Agua, \u201cel conflicto entre Rusia y Ucrania por ah\u00ed nos da la posibilidad de terminar de volcarnos definitivamente hacia las energ\u00edas limpias. Debemos pensar en serio en la posibilidad de reemplazar la matriz energ\u00e9tica por una m\u00e1s amigable con el ambiente, subiendo la apuesta por las tecnolog\u00edas de energ\u00eda e\u00f3lica, marina e hidrogeno verde\u201d.<\/p>\n<p>Similar perspectiva sostiene Claudio J. Lutzky, Director del Programa de Actualizaci\u00f3n en Cambio Clim\u00e1tico y Transici\u00f3n Ecol\u00f3gica de la UBA; \u201cEl contexto global actual, marcado por la salida de la pandemia, la agresi\u00f3n rusa y la tensi\u00f3n geopol\u00edtica, demanda especialmente que se acelere la migraci\u00f3n hacia energ\u00edas renovables y hacia la producci\u00f3n sostenible de alimentos. Ello conlleva m\u00faltiples alternativas de inversi\u00f3n, empleo e innovaci\u00f3n, que convierten el problema ambiental en una gigantesca oportunidad de prosperidad y progreso social\u201d. Posibilidades \u201clatentes\u201d en un presente que, de todas formas, plantea obst\u00e1culos varios.<\/p>\n<p>Como describe el ministro de Ambiente y Desarrollo Sostenible, Juan Cabandi\u00e9, \u201cel mundo debe enfrentar una triple crisis ambiental: el calentamiento global, la contaminaci\u00f3n y la p\u00e9rdida de biodiversidad. El gran desaf\u00edo es avanzar en una transici\u00f3n hacia un sistema de producci\u00f3n y consumo sostenible. Una crisis que debemos enfrentar entre todos, pero con responsabilidades claramente diferenciadas. No podemos desconocer que hubo pa\u00edses que contribuyeron m\u00e1s que otros al calentamiento global: los del hemisferio norte. De ah\u00ed que resulta vital que los pa\u00edses centrales cumplan con el financiamiento comprometido y apoyen a las naciones menos favorecidas para luchar contra el cambio clim\u00e1tico\u201d.<\/p>\n<p>Las organizaciones ambientales tambi\u00e9n ven en 2023 un a\u00f1o clave. Luisina Vueso, coordinadora de la campa\u00f1a de Oc\u00e9anos de Greenpeace, opina que \u201cla prioridad, a nivel global, es hacer frente al cambio clim\u00e1tico y promover la justicia clim\u00e1tica. A\u00fan vemos que faltan impulsar pol\u00edticas m\u00e1s dr\u00e1sticas que apunten a acabar con nuestra dependencia de los combustibles f\u00f3siles y se focalicen en una transici\u00f3n justa hacia las energ\u00edas renovables. A su vez, proteger nuestros sumideros de carbono naturales como los bosques y los oc\u00e9anos es fundamental para contribuir en la mitigaci\u00f3n del cambio clim\u00e1tico\u201d.<\/p>\n<p>En el camino de la justicia clim\u00e1tica, destaca el importante avance alcanzado en la \u00faltima Conferencia de las Naciones Unidas sobre Cambio Clim\u00e1tico (COP 27), para establecer un Fondo de Financiaci\u00f3n de P\u00e9rdidas y Da\u00f1os para comunidades vulnerables. La advertencia de Jer\u00f3nimo Bucher, una de las voces j\u00f3venes m\u00e1s escuchadas en los foros cient\u00edficos y ambientales, es clara: debemos enfrentar la crisis clim\u00e1tica y ecol\u00f3gica, ya que el aumento en la temperatura promedio del planeta y el gran \u201cdesequilibrio ecosist\u00e9mico\u201d seguir\u00e1n provocando \u201colas de calor letales, devastadores incendios, fuertes huracanes, grandes inundaciones e intensas\u00a0 sequ\u00edas, por lo que peligra la producci\u00f3n alimenticia y est\u00e1 amenazada toda la poblaci\u00f3n\u201d.<\/p>\n<p>\u201cConcentrarnos\u201d, aconseja Pedro Friedrich, copresidente de Sistema B Argentina. \u201cConcentrarnos en mantener la temperatura del planeta por debajo de 1.5\u00b0 es el mayor desaf\u00edo, no solo para 2023 sino para todo lo que viene. Si consideramos que el cambio clim\u00e1tico afecta, sobre todo, a personas desfavorecidas, si no logramos contener el calentamiento global vamos a entrar en una situaci\u00f3n s\u00faper complicada\u201d.<\/p>\n<p>[vc_row]<\/p>\n<p>[vc_column width=\u00bb1\/3&#8243;][vc_column_text]<br \/>\n<img decoding=\"async\" loading=\"lazy\" class=\"aligncenter wp-image-2602 size-medium\" src=\"https:\/\/qiarg.org\/magazine\/wp-content\/uploads\/2023\/02\/20-300x207.jpg\" alt=\"\" width=\"300\" height=\"207\" srcset=\"https:\/\/qiarg.org\/magazine\/wp-content\/uploads\/2023\/02\/20-300x207.jpg 300w, https:\/\/qiarg.org\/magazine\/wp-content\/uploads\/2023\/02\/20-1024x707.jpg 1024w, https:\/\/qiarg.org\/magazine\/wp-content\/uploads\/2023\/02\/20-768x530.jpg 768w, https:\/\/qiarg.org\/magazine\/wp-content\/uploads\/2023\/02\/20-1536x1060.jpg 1536w, https:\/\/qiarg.org\/magazine\/wp-content\/uploads\/2023\/02\/20-2048x1414.jpg 2048w, https:\/\/qiarg.org\/magazine\/wp-content\/uploads\/2023\/02\/20-750x518.jpg 750w, https:\/\/qiarg.org\/magazine\/wp-content\/uploads\/2023\/02\/20-1140x787.jpg 1140w\" sizes=\"(max-width: 300px) 100vw, 300px\" \/><br \/>\n<b>Claudia Tomadoni<\/b> &#8211; Mag\u00edster Scientae en Gesti\u00f3n Ambiental.<br \/>\n<span style=\"color: #80cfe3;\"><em>\u201cEl gran desaf\u00edo es comprender que los seres humanos somos parte de la naturaleza\u201d.<\/em><\/span><br \/>\n[\/vc_column_text][\/vc_column]<\/p>\n<p>[vc_column width=\u00bb1\/3&#8243;][vc_column_text]<br \/>\n<img decoding=\"async\" loading=\"lazy\" class=\"aligncenter wp-image-2598 size-medium\" src=\"https:\/\/qiarg.org\/magazine\/wp-content\/uploads\/2023\/02\/9-300x207.jpg\" alt=\"\" width=\"300\" height=\"207\" srcset=\"https:\/\/qiarg.org\/magazine\/wp-content\/uploads\/2023\/02\/9-300x207.jpg 300w, https:\/\/qiarg.org\/magazine\/wp-content\/uploads\/2023\/02\/9-1024x707.jpg 1024w, https:\/\/qiarg.org\/magazine\/wp-content\/uploads\/2023\/02\/9-768x530.jpg 768w, https:\/\/qiarg.org\/magazine\/wp-content\/uploads\/2023\/02\/9-1536x1060.jpg 1536w, https:\/\/qiarg.org\/magazine\/wp-content\/uploads\/2023\/02\/9-2048x1413.jpg 2048w, https:\/\/qiarg.org\/magazine\/wp-content\/uploads\/2023\/02\/9-750x518.jpg 750w, https:\/\/qiarg.org\/magazine\/wp-content\/uploads\/2023\/02\/9-1140x787.jpg 1140w\" sizes=\"(max-width: 300px) 100vw, 300px\" \/><br \/>\n<b>Nicol\u00e1s Tomaz\u00edn<\/b> &#8211; Ingeniero Civil y Jefe de Programa Hidr\u00e1ulica Mar\u00edtima del Instituto Nacional del Agua.<br \/>\n<span style=\"color: #80cfe3;\"><em>\u201cHay que subir la apuesta por las tecnolog\u00edas de energ\u00eda e\u00f3lica, marina e hidr\u00f3geno verde\u201d.<\/em><\/span><br \/>\n[\/vc_column_text][\/vc_column]<\/p>\n<p>[vc_column width=\u00bb1\/3&#8243;][vc_column_text]<br \/>\n<img decoding=\"async\" loading=\"lazy\" class=\"aligncenter wp-image-2597 size-medium\" src=\"https:\/\/qiarg.org\/magazine\/wp-content\/uploads\/2023\/02\/8-300x207.jpg\" alt=\"\" width=\"300\" height=\"207\" srcset=\"https:\/\/qiarg.org\/magazine\/wp-content\/uploads\/2023\/02\/8-300x207.jpg 300w, https:\/\/qiarg.org\/magazine\/wp-content\/uploads\/2023\/02\/8-1024x707.jpg 1024w, https:\/\/qiarg.org\/magazine\/wp-content\/uploads\/2023\/02\/8-768x530.jpg 768w, https:\/\/qiarg.org\/magazine\/wp-content\/uploads\/2023\/02\/8-1536x1060.jpg 1536w, https:\/\/qiarg.org\/magazine\/wp-content\/uploads\/2023\/02\/8-2048x1414.jpg 2048w, https:\/\/qiarg.org\/magazine\/wp-content\/uploads\/2023\/02\/8-750x518.jpg 750w, https:\/\/qiarg.org\/magazine\/wp-content\/uploads\/2023\/02\/8-1140x787.jpg 1140w\" sizes=\"(max-width: 300px) 100vw, 300px\" \/><br \/>\n<b>Claudio J. Lutzky<\/b> &#8211; Director del Programa de Actualizaci\u00f3n en Cambio Clim\u00e1tico y Transici\u00f3n Ecol\u00f3gica de la UBA.<br \/>\n<span style=\"color: #80cfe3;\"><em>\u201cEl nivel de debate p\u00fablico y de identificaci\u00f3n de riesgos y posibilidades por parte de la clase dirigente argentina es baj\u00edsimo\u201d.<\/em><\/span><br \/>\n[\/vc_column_text][\/vc_column]<\/p>\n<p>[\/vc_row]<\/p>\n<p><b>La Argentina, por m\u00e1s acci\u00f3n\u00a0<\/b><\/p>\n<p>Ahora, si bien hay pol\u00edticas y lineamientos globales que atender, cada pa\u00eds tiene al mismo tiempo que afinar la sinton\u00eda de sus objetivos y metas. \u00a0 Cabandi\u00e9 estima que \u201cdentro de los principales desaf\u00edos ambientales que enfrentar\u00e1 la Argentina, de cara al a\u00f1o 2023, se encuentra el fortalecimiento de la gesti\u00f3n integral de los residuos s\u00f3lidos urbanos, que est\u00e1 \u00edntimamente ligado al esfuerzo por erradicar los basurales a cielo abierto. Hablamos de unos 5.000 basurales que generan adem\u00e1s gases de efecto invernadero. Otros temas importantes: la prevenci\u00f3n, atenci\u00f3n y combate de los incendios forestales y la preservaci\u00f3n de los ecosistemas y la biodiversidad. Para esto es clave continuar con la creaci\u00f3n de nuevas \u00e1reas naturales protegidas\u201d.<\/p>\n<p>En la misma direcci\u00f3n apunta Fernando Peirano, titular de la Agencia I+D+i: \u201cMientras que los\u00a0 pa\u00edses desarrollados tienen un fuerte desaf\u00edo de contenci\u00f3n de sus emisiones de CO2 y de reconversi\u00f3n de sus econom\u00edas, los pa\u00edses como la Argentina, acreedores ambientales y con estructuras productivas a\u00fan en desarrollo, tienen que asegurarse que las inversiones est\u00e9n asociadas a las nuevas tecnolog\u00edas y enfoques ambientales\u201d.<\/p>\n<p>Bucher incluye en esa tarea a \u201cla industria, las instituciones estatales, la educaci\u00f3n, la tecnolog\u00eda y la pol\u00edtica cient\u00edfica nacional\u201d. Un elemento clave juega a favor: la cuesti\u00f3n generacional. \u201cDesde la juventud se contin\u00faa masificando y consolidando el compromiso, para plantear alternativas en pos de una mejora continua. Pero eso no puede quedar meramente como una responsabilidad de las nuevas generaciones, sino que se debe encarar seriamente como un enfoque estrat\u00e9gico, transversal y sist\u00e9mico\u201d.<\/p>\n<p>Para Vueso, \u201cArgentina tiene la oportunidad de dejar un legado en materia de protecci\u00f3n ambiental, fundamental de cara a la emergencia clim\u00e1tica que estamos viviendo. Para eso, es necesario que las inversiones se vuelquen hacia las energ\u00edas limpias, abandonar los combustibles f\u00f3siles y proteger los oc\u00e9anos, que absorben casi un tercio del carbono procedente de los gases de efecto invernadero. Para poder seguir cumpliendo este rol vital, deben mantenerse sanos. Por eso, resulta contradictorio que en nuestro pa\u00eds se est\u00e9 impulsando la expansi\u00f3n de la industria petrolera en el Mar Argentino\u201d.<\/p>\n<p>Desde Greenpeace, se se\u00f1ala sobre todo la destrucci\u00f3n de bosques y humedales, a la deforestaci\u00f3n y la tala indiscriminada, en especial en las provincias del norte, como aceleradores de la crisis clim\u00e1tica. \u201cPor otra parte, los humedales est\u00e1n en una situaci\u00f3n cr\u00edtica y necesitamos urgentemente una ley efectiva. A pesar de m\u00e1s de 10 a\u00f1os de intentos parlamentarios, los humedales, que abarcan aproximadamente el 21% del territorio nacional, a\u00fan no cuentan con un marco legal de protecci\u00f3n\u201d, dispara.<\/p>\n<p>El laberinto de las legislaciones es otro asunto cr\u00edtico, con proyectos vitales que muchas veces son v\u00edctimas colaterales de las luchas pol\u00edticas. Tomaz\u00edn considera como uno de los grandes desaf\u00edos para el pa\u00eds \u201ccerrar la grieta\u201d. \u201cMe preocupa que existan tantos planes de desarrollo que muchas veces fracasan porque, al generarse esa grieta, para algunos son la salvaci\u00f3n y para otros la cat\u00e1strofe. Debemos tener en cuenta esas dos miradas y poder concretar proyectos sustentables, con est\u00e1ndares de producci\u00f3n elevados y que tengan el menor impacto posible\u201d.<\/p>\n<p>Hern\u00e1n Barcelona, Investigador Adjunto del CONICET, asegura que \u201cel actor m\u00e1s relevante de 2023 ser\u00e1 el precio del gas\u201d. \u00bfPor qu\u00e9? \u201cLa explotaci\u00f3n del gas no convencional en Vaca Muerta y el nuevo gasoducto a inaugurarse reacomodar\u00edan el precio a la baja. Si el Estado no promociona la expansi\u00f3n de las renovables, se mantendr\u00e1 la gran brecha econ\u00f3mica. Los mercados energ\u00e9ticos se desarrollan por incentivos y prohibiciones, por lo que se deber\u00edan implementar incentivos para las energ\u00edas verdes\u201d. Especialista en el desarrollo de la energ\u00eda geot\u00e9rmica, plantea dos desaf\u00edos muy importantes para el pa\u00eds:<\/p>\n<p>[vc_row]<\/p>\n<p>[vc_column width=\u00bb1\/3&#8243;][vc_column_text]<br \/>\n<img decoding=\"async\" loading=\"lazy\" class=\"aligncenter wp-image-2603 size-medium\" src=\"https:\/\/qiarg.org\/magazine\/wp-content\/uploads\/2023\/02\/21-300x207.jpg\" alt=\"\" width=\"300\" height=\"207\" srcset=\"https:\/\/qiarg.org\/magazine\/wp-content\/uploads\/2023\/02\/21-300x207.jpg 300w, https:\/\/qiarg.org\/magazine\/wp-content\/uploads\/2023\/02\/21-1024x707.jpg 1024w, https:\/\/qiarg.org\/magazine\/wp-content\/uploads\/2023\/02\/21-768x530.jpg 768w, https:\/\/qiarg.org\/magazine\/wp-content\/uploads\/2023\/02\/21-1536x1060.jpg 1536w, https:\/\/qiarg.org\/magazine\/wp-content\/uploads\/2023\/02\/21-2048x1413.jpg 2048w, https:\/\/qiarg.org\/magazine\/wp-content\/uploads\/2023\/02\/21-750x518.jpg 750w, https:\/\/qiarg.org\/magazine\/wp-content\/uploads\/2023\/02\/21-1140x787.jpg 1140w\" sizes=\"(max-width: 300px) 100vw, 300px\" \/><br \/>\n<b>Juan Cabandi\u00e9<\/b> &#8211; Ministro de Ambiente y Desarrollo Sostenible.<br \/>\n<span style=\"color: #80cfe3;\"><em>\u201cDebemos enfrentar la crisis clim\u00e1tica entre todos, pero con responsabilidades claramente diferenciadas\u201d.<\/em><\/span><br \/>\n[\/vc_column_text][\/vc_column]<\/p>\n<p>[vc_column width=\u00bb1\/3&#8243;][vc_column_text]<br \/>\n<img decoding=\"async\" loading=\"lazy\" class=\"aligncenter wp-image-2600 size-medium\" src=\"https:\/\/qiarg.org\/magazine\/wp-content\/uploads\/2023\/02\/11-300x207.jpg\" alt=\"\" width=\"300\" height=\"207\" srcset=\"https:\/\/qiarg.org\/magazine\/wp-content\/uploads\/2023\/02\/11-300x207.jpg 300w, https:\/\/qiarg.org\/magazine\/wp-content\/uploads\/2023\/02\/11-1024x707.jpg 1024w, https:\/\/qiarg.org\/magazine\/wp-content\/uploads\/2023\/02\/11-768x530.jpg 768w, https:\/\/qiarg.org\/magazine\/wp-content\/uploads\/2023\/02\/11-1536x1060.jpg 1536w, https:\/\/qiarg.org\/magazine\/wp-content\/uploads\/2023\/02\/11-2048x1413.jpg 2048w, https:\/\/qiarg.org\/magazine\/wp-content\/uploads\/2023\/02\/11-750x518.jpg 750w, https:\/\/qiarg.org\/magazine\/wp-content\/uploads\/2023\/02\/11-1140x787.jpg 1140w\" sizes=\"(max-width: 300px) 100vw, 300px\" \/><br \/>\n<b>Luisina Vueso<\/b> &#8211; Coordinadora de la campa\u00f1a de Oc\u00e9anos de Greenpeace.<br \/>\n<span style=\"color: #80cfe3;\"><em>\u201cLa prioridad, a nivel global, es hacer frente al\u00a0 cambio clim\u00e1tico y promover la justicia clim\u00e1tica\u201d.<\/em><\/span><br \/>\n[\/vc_column_text][\/vc_column]<\/p>\n<p>[vc_column width=\u00bb1\/3&#8243;][vc_column_text]<br \/>\n<img decoding=\"async\" loading=\"lazy\" class=\"aligncenter wp-image-2595 size-medium\" src=\"https:\/\/qiarg.org\/magazine\/wp-content\/uploads\/2023\/02\/3-300x207.jpg\" alt=\"\" width=\"300\" height=\"207\" srcset=\"https:\/\/qiarg.org\/magazine\/wp-content\/uploads\/2023\/02\/3-300x207.jpg 300w, https:\/\/qiarg.org\/magazine\/wp-content\/uploads\/2023\/02\/3-1024x707.jpg 1024w, https:\/\/qiarg.org\/magazine\/wp-content\/uploads\/2023\/02\/3-768x530.jpg 768w, https:\/\/qiarg.org\/magazine\/wp-content\/uploads\/2023\/02\/3-1536x1060.jpg 1536w, https:\/\/qiarg.org\/magazine\/wp-content\/uploads\/2023\/02\/3-2048x1413.jpg 2048w, https:\/\/qiarg.org\/magazine\/wp-content\/uploads\/2023\/02\/3-750x518.jpg 750w, https:\/\/qiarg.org\/magazine\/wp-content\/uploads\/2023\/02\/3-1140x787.jpg 1140w\" sizes=\"(max-width: 300px) 100vw, 300px\" \/><br \/>\n<b>Jer\u00f3nimo Bucher<\/b> &#8211; Cient\u00edfico, creador de la campa\u00f1a Argentina No Descarta.<br \/>\n<span style=\"color: #80cfe3;\"><em>\u201cLa cuesti\u00f3n ambiental no puede quedar meramente como una responsabilidad de las nuevas generaciones\u201d.<\/em><\/span><br \/>\n[\/vc_column_text][\/vc_column]<\/p>\n<p>[\/vc_row]<\/p>\n<p>\u201cRealizar el primer pozo de exploraci\u00f3n profunda en el sistema geot\u00e9rmico de Domuyo, que tiene perspectivas de generar energ\u00eda el\u00e9ctrica, y subirnos a la ola de las bombas de calor geot\u00e9rmicas para climatizar espacios. Aunque, una vez m\u00e1s, en este punto tambi\u00e9n son muy importantes los incentivos y prohibiciones\u201d. Con respecto a esto, Lutzky percibe que \u201cla Argentina est\u00e1 comparativamente retrasada en pol\u00edticas ambientales. El nivel de debate p\u00fablico y de identificaci\u00f3n de riesgos y posibilidades por parte de la clase dirigente es baj\u00edsimo. Nuestro pa\u00eds puede ser una potencia en materia de energ\u00edas renovables y de producci\u00f3n de alimentos sostenibles, si somos capaces de asumir el desaf\u00edo con una econom\u00eda abierta, transparente y din\u00e1mica\u201d.<\/p>\n<p>Friedrich cree que \u201cla Argentina es uno de los pa\u00edses con m\u00e1s potencial de revertir el cambio clim\u00e1tico y uno de los que menos est\u00e1 haciendo. Tenemos que actuar r\u00e1pido y fuerte en cambiar nuestra forma de uso del suelo en ganader\u00eda y agricultura. Decimos que no emitimos, pero tenemos una agroindustria que usa agroqu\u00edmicos, que recurre al feedlot y pr\u00e1cticas industriales propias de un perfil emisor. Necesitamos un cambio radical en la forma de producir alimentos y, al mismo tiempo, proteger nuestros mares, que est\u00e1n siendo esquilmados por el mundo y por nosotros mismos\u201d.<\/p>\n<p>Por su parte, la bi\u00f3loga especializada en Ecolog\u00eda Irene Wais es esc\u00e9ptica y considera que el listado de pendientes es demasiado extenso como para hacer un resumen. \u201cHay tanto para decir\u2026 hay cinco millones de cosas que est\u00e1n faltando hacer y no veo demasiada acci\u00f3n en ninguna instancia. Lo que pedir\u00e9 en mi brindis de A\u00f1o Nuevo es menos extractivismo y fracking y m\u00e1s conocimiento de parte de los funcionarios, que se aplique la Ley Yolanda para que est\u00e9n obligados a capacitarse en materia ambiental. Menos greenwashing y bla bla y m\u00e1s acci\u00f3n, menos energ\u00edas f\u00f3siles y m\u00e1s renovables\u201d.<\/p>\n<p>[vc_row]<\/p>\n<p>[vc_column width=\u00bb1\/3&#8243;][vc_column_text]<br \/>\n<img decoding=\"async\" loading=\"lazy\" class=\"aligncenter wp-image-2601 size-medium\" src=\"https:\/\/qiarg.org\/magazine\/wp-content\/uploads\/2023\/02\/14-300x207.jpg\" alt=\"\" width=\"300\" height=\"207\" srcset=\"https:\/\/qiarg.org\/magazine\/wp-content\/uploads\/2023\/02\/14-300x207.jpg 300w, https:\/\/qiarg.org\/magazine\/wp-content\/uploads\/2023\/02\/14-1024x705.jpg 1024w, https:\/\/qiarg.org\/magazine\/wp-content\/uploads\/2023\/02\/14-768x529.jpg 768w, https:\/\/qiarg.org\/magazine\/wp-content\/uploads\/2023\/02\/14-1536x1058.jpg 1536w, https:\/\/qiarg.org\/magazine\/wp-content\/uploads\/2023\/02\/14-2048x1411.jpg 2048w, https:\/\/qiarg.org\/magazine\/wp-content\/uploads\/2023\/02\/14-750x517.jpg 750w, https:\/\/qiarg.org\/magazine\/wp-content\/uploads\/2023\/02\/14-1140x785.jpg 1140w\" sizes=\"(max-width: 300px) 100vw, 300px\" \/><br \/>\n<b>Irene Wais<\/b> &#8211; Bi\u00f3loga especializada en Ecolog\u00eda.<br \/>\n<span style=\"color: #80cfe3;\"><em>\u201cNecesitamos menos\u00a0 greenwashing y bla bla y m\u00e1s acci\u00f3n, menos energ\u00edas f\u00f3siles y m\u00e1s\u00a0 renovables\u201d.<\/em><\/span><br \/>\n[\/vc_column_text][\/vc_column]<\/p>\n<p>[vc_column width=\u00bb1\/3&#8243;][vc_column_text]<br \/>\n<img decoding=\"async\" loading=\"lazy\" class=\"aligncenter wp-image-2599 size-medium\" src=\"https:\/\/qiarg.org\/magazine\/wp-content\/uploads\/2023\/02\/10-300x207.jpg\" alt=\"\" width=\"300\" height=\"207\" srcset=\"https:\/\/qiarg.org\/magazine\/wp-content\/uploads\/2023\/02\/10-300x207.jpg 300w, https:\/\/qiarg.org\/magazine\/wp-content\/uploads\/2023\/02\/10-1024x707.jpg 1024w, https:\/\/qiarg.org\/magazine\/wp-content\/uploads\/2023\/02\/10-768x530.jpg 768w, https:\/\/qiarg.org\/magazine\/wp-content\/uploads\/2023\/02\/10-1536x1060.jpg 1536w, https:\/\/qiarg.org\/magazine\/wp-content\/uploads\/2023\/02\/10-2048x1414.jpg 2048w, https:\/\/qiarg.org\/magazine\/wp-content\/uploads\/2023\/02\/10-750x518.jpg 750w, https:\/\/qiarg.org\/magazine\/wp-content\/uploads\/2023\/02\/10-1140x787.jpg 1140w\" sizes=\"(max-width: 300px) 100vw, 300px\" \/><br \/>\n<b>Hern\u00e1n Barcelona<\/b> &#8211; Investigador Adjunto del CONICET.<br \/>\n<span style=\"color: #80cfe3;\"><em>\u201cSe deber\u00edan implementar nuevos incentivos para las energ\u00edas verdes\u201d.<\/em><\/span><br \/>\n[\/vc_column_text][\/vc_column]<\/p>\n<p>[vc_column width=\u00bb1\/3&#8243;][vc_column_text]<br \/>\n<img decoding=\"async\" loading=\"lazy\" class=\"aligncenter wp-image-2596 size-medium\" src=\"https:\/\/qiarg.org\/magazine\/wp-content\/uploads\/2023\/02\/7-300x207.jpg\" alt=\"\" width=\"300\" height=\"207\" srcset=\"https:\/\/qiarg.org\/magazine\/wp-content\/uploads\/2023\/02\/7-300x207.jpg 300w, https:\/\/qiarg.org\/magazine\/wp-content\/uploads\/2023\/02\/7-1024x707.jpg 1024w, https:\/\/qiarg.org\/magazine\/wp-content\/uploads\/2023\/02\/7-768x530.jpg 768w, https:\/\/qiarg.org\/magazine\/wp-content\/uploads\/2023\/02\/7-1536x1060.jpg 1536w, https:\/\/qiarg.org\/magazine\/wp-content\/uploads\/2023\/02\/7-2048x1414.jpg 2048w, https:\/\/qiarg.org\/magazine\/wp-content\/uploads\/2023\/02\/7-750x518.jpg 750w, https:\/\/qiarg.org\/magazine\/wp-content\/uploads\/2023\/02\/7-1140x787.jpg 1140w\" sizes=\"(max-width: 300px) 100vw, 300px\" \/><br \/>\n<b>Pedro Friedrich<\/b> &#8211; Copresidente de Sistema B\u00a0 Argentina.<br \/>\n<span style=\"color: #80cfe3;\"><em>\u201cSi no logramos mantener el calentamiento global por debajo de los 1,5\u00b0, vamos a entrar en una situaci\u00f3n s\u00faper complicada\u201d.<\/em><\/span><br \/>\n[\/vc_column_text][\/vc_column]<\/p>\n<p>[\/vc_row]<\/p>\n<p>[vc_row]<\/p>\n<p>[vc_column width=\u00bb1\/3&#8243;][vc_column_text]<br \/>\n<img decoding=\"async\" loading=\"lazy\" class=\"aligncenter wp-image-2594 size-medium\" src=\"https:\/\/qiarg.org\/magazine\/wp-content\/uploads\/2023\/02\/1-300x207.jpg\" alt=\"\" width=\"300\" height=\"207\" srcset=\"https:\/\/qiarg.org\/magazine\/wp-content\/uploads\/2023\/02\/1-300x207.jpg 300w, https:\/\/qiarg.org\/magazine\/wp-content\/uploads\/2023\/02\/1-1024x707.jpg 1024w, https:\/\/qiarg.org\/magazine\/wp-content\/uploads\/2023\/02\/1-768x530.jpg 768w, https:\/\/qiarg.org\/magazine\/wp-content\/uploads\/2023\/02\/1-1536x1060.jpg 1536w, https:\/\/qiarg.org\/magazine\/wp-content\/uploads\/2023\/02\/1-2048x1413.jpg 2048w, https:\/\/qiarg.org\/magazine\/wp-content\/uploads\/2023\/02\/1-750x518.jpg 750w, https:\/\/qiarg.org\/magazine\/wp-content\/uploads\/2023\/02\/1-1140x787.jpg 1140w\" sizes=\"(max-width: 300px) 100vw, 300px\" \/><br \/>\n<b>Fernando Peirano<\/b> &#8211; Titular de la Agencia I+D+i.<br \/>\n<span style=\"color: #80cfe3;\"><em>\u201cLa Argentina tiene que asegurarse que las inversiones est\u00e9n asociadas a las nuevas tecnolog\u00edas y enfoques ambientales\u201d.<\/em><\/span><br \/>\n[\/vc_column_text][\/vc_column]<\/p>\n<p>[\/vc_row]<\/p>\n","protected":false},"excerpt":{"rendered":"<p>S e acab\u00f3 el tiempo de los balances sobre lo que se hizo bien y mal en materia ambiental, sobre los avances y los retrocesos de las pol\u00edticas globales signadas por la guerra y los acuerdos alcanzados en la COP egipcia. Es la hora de encarar el 2023 y plantearnos la agenda para enfrentar los [&hellip;]<\/p>\n","protected":false},"author":3,"featured_media":2268,"comment_status":"closed","ping_status":"closed","sticky":false,"template":"","format":"standard","meta":[],"categories":[140],"tags":[],"acf":[],"_links":{"self":[{"href":"https:\/\/qiarg.org\/magazine\/wp-json\/wp\/v2\/posts\/2259"}],"collection":[{"href":"https:\/\/qiarg.org\/magazine\/wp-json\/wp\/v2\/posts"}],"about":[{"href":"https:\/\/qiarg.org\/magazine\/wp-json\/wp\/v2\/types\/post"}],"author":[{"embeddable":true,"href":"https:\/\/qiarg.org\/magazine\/wp-json\/wp\/v2\/users\/3"}],"replies":[{"embeddable":true,"href":"https:\/\/qiarg.org\/magazine\/wp-json\/wp\/v2\/comments?post=2259"}],"version-history":[{"count":10,"href":"https:\/\/qiarg.org\/magazine\/wp-json\/wp\/v2\/posts\/2259\/revisions"}],"predecessor-version":[{"id":2609,"href":"https:\/\/qiarg.org\/magazine\/wp-json\/wp\/v2\/posts\/2259\/revisions\/2609"}],"wp:featuredmedia":[{"embeddable":true,"href":"https:\/\/qiarg.org\/magazine\/wp-json\/wp\/v2\/media\/2268"}],"wp:attachment":[{"href":"https:\/\/qiarg.org\/magazine\/wp-json\/wp\/v2\/media?parent=2259"}],"wp:term":[{"taxonomy":"category","embeddable":true,"href":"https:\/\/qiarg.org\/magazine\/wp-json\/wp\/v2\/categories?post=2259"},{"taxonomy":"post_tag","embeddable":true,"href":"https:\/\/qiarg.org\/magazine\/wp-json\/wp\/v2\/tags?post=2259"}],"curies":[{"name":"wp","href":"https:\/\/api.w.org\/{rel}","templated":true}]}}