{"id":2033,"date":"2022-07-22T20:26:07","date_gmt":"2022-07-22T23:26:07","guid":{"rendered":"https:\/\/qiarg.org\/magazine\/?p=2033"},"modified":"2022-07-22T23:45:27","modified_gmt":"2022-07-23T02:45:27","slug":"la-otra-guerra","status":"publish","type":"post","link":"https:\/\/qiarg.org\/magazine\/la-otra-guerra\/","title":{"rendered":"La otra guerra. La hora m\u00e1s urgente del cambio clim\u00e1tico"},"content":{"rendered":"<p><span class=\"dropcap \" style=\"background-color: #ffffff; color: #000000; border-color: #ffffff;\">L<\/span><\/p>\n<p>os resultados de la Cumbre del Clima en Reino Unido y el \u00faltimo informe del Grupo Intergubernamental de Expertos sobre el Cambio Clim\u00e1tico (IPCC) ya ten\u00edan un gusto agrio. Luego vino la guerra. Y con ella los justificativos para retraer las ambiciones y dejar el futuro en un segundo plano. Est\u00e1 en juego toda una generaci\u00f3n: los ni\u00f1os que nacieron en 2020 tendr\u00e1n 20 a\u00f1os en 2040 y 80 a\u00f1os en 2100. Ellos ser\u00e1n testigos de los efectos negativos m\u00e1s fuertes del calentamiento global.<\/p>\n<p>\u201cNo es que quiera ser alarmista, la situaci\u00f3n es muy grave. Durante mucho tiempo hubo un laissez faire esperando el \u00faltimo momento y ese momento lleg\u00f3. Los negacionistas no quieren ver la realidad, pero estamos ante el punto de no retorno\u201d, resume Irene Wais, bi\u00f3loga especializada en Ecolog\u00eda y Posgrado Internacional en Evaluaci\u00f3n de Impactos Ambientales.<\/p>\n<p>Ese punto de quiebre se siente cada vez m\u00e1s en todas las regiones del mundo, con riesgos crecientes para la disponibilidad de agua, la producci\u00f3n de alimentos y los medios de subsistencia de millones de personas. De aqu\u00ed en m\u00e1s, si no se hacen recortes dr\u00e1sticos en las emisiones de gases de efecto invernadero el choque anunciado finalmente se producir\u00e1 ante los ojos de todos. La luz de esperanza reside en que si las acciones son inmediatas todav\u00eda se pueden prevenir los impactos m\u00e1s extremos.<\/p>\n<blockquote class=\"pullquote align-center\"><p>Seg\u00fan la evaluaci\u00f3n del IPCC, estos impactos se intensificar\u00e1n en las pr\u00f3ximas d\u00e9cadas con profundas implicaciones para todos los aspectos de la vida humana.<\/p><\/blockquote>\n<p>Como se\u00f1ala Lucas Garibaldi, doctor en Ciencias Agropecuarias por la UBA y participante del hist\u00f3rico informe de Evaluaci\u00f3n Mundial de la Plataforma Intergubernamental sobre Diversidad Biol\u00f3gica y Ecosistemas (IPBES), \u201clo bueno es que cada vez hay m\u00e1s ejemplos positivos, por ejemplo, en las iniciativas para producir alimentos con menores emisiones contaminantes. Hoy sabemos lo que hay que hacer, hace 30 a\u00f1os no estaba tan claro. La otra cara es que los ejemplos negativos tambi\u00e9n aumentan y a una velocidad m\u00e1s r\u00e1pida. Por eso estamos cada vez peor\u201d.<\/p>\n<p>Pero, \u00bfc\u00f3mo ser\u00e1 el futuro de las pr\u00f3ximas generaciones si no limitamos el calentamiento global a menos de 2\u00b0, preferiblemente a 1,5\u00b0, en comparaci\u00f3n con la temperatura preindustrial? Sabemos que el calentamiento global ya est\u00e1 modificando gran parte del mundo tal como lo conocimos. Seg\u00fan la evaluaci\u00f3n del IPCC, esos impactos se intensificar\u00e1n en las pr\u00f3ximas d\u00e9cadas con profundas implicaciones para todos los aspectos de la vida humana. Nuestros suministros de alimentos y agua, nuestras ciudades, infraestructura y econom\u00edas, as\u00ed como nuestra salud y bienestar se ver\u00e1n afectados.<\/p>\n<p>\u201cEstamos en una situaci\u00f3n m\u00e1s delicada que el a\u00f1o pasado\u201d, concluye Federico Isla, director del Instituto de Geolog\u00eda de Costas y del Cuaternario de Mar del Plata, porque \u201cdespu\u00e9s de la pandemia varios pa\u00edses se hab\u00edan comprometido a reducir las emisiones, pero la guerra va a atrasar todo. Ahora la cuesti\u00f3n ambiental pas\u00f3 a prioridad 2 y eso es muy preocupante porque Estados Unidos y Brasil se hab\u00edan propuesto mejorar sus metas, y la Uni\u00f3n Europea, que lideraba estos planes, ahora tiene como cuesti\u00f3n central solucionar el problema de la falta del gas ruso\u201d.<\/p>\n<p>En este contexto tuvieron lugar en abril las acciones de \u201cdesobediencia civil\u201d de decenas de cient\u00edficos y activistas del clima en distintas ciudades del mundo, que finalizaron su protesta en Madrid arrojando pintura rojo sangre sobre las puertas del Parlamento espa\u00f1ol, \u201cpor los que han muerto y morir\u00e1n por la crisis clim\u00e1tica\u201d.<\/p>\n<p><img decoding=\"async\" loading=\"lazy\" class=\"alignnone size-full wp-image-2038\" src=\"https:\/\/qiarg.org\/magazine\/wp-content\/uploads\/2022\/07\/dib2.png\" alt=\"\" width=\"1200\" height=\"675\" srcset=\"https:\/\/qiarg.org\/magazine\/wp-content\/uploads\/2022\/07\/dib2.png 1200w, https:\/\/qiarg.org\/magazine\/wp-content\/uploads\/2022\/07\/dib2-300x169.png 300w, https:\/\/qiarg.org\/magazine\/wp-content\/uploads\/2022\/07\/dib2-1024x576.png 1024w, https:\/\/qiarg.org\/magazine\/wp-content\/uploads\/2022\/07\/dib2-768x432.png 768w, https:\/\/qiarg.org\/magazine\/wp-content\/uploads\/2022\/07\/dib2-750x422.png 750w, https:\/\/qiarg.org\/magazine\/wp-content\/uploads\/2022\/07\/dib2-1140x641.png 1140w\" sizes=\"(max-width: 1200px) 100vw, 1200px\" \/><\/p>\n<p><strong>A menos de una vida<\/strong><\/p>\n<p>Hablar del mediano plazo (2041-2060) y largo plazo (2081-2100) puede parecer hoy demasiado lejano, pero los chicos que nacieron en 2020 tendr\u00e1n 20 a\u00f1os en 2040 y 80 a\u00f1os en 2100. El final del siglo est\u00e1 a menos de una vida de distancia.<\/p>\n<p>Tambi\u00e9n debemos tener en cuenta que para 2050 casi el 70% de la creciente poblaci\u00f3n mundial vivir\u00e1 en \u00e1reas urbanas, muchas en asentamientos informales. Como resultado, es m\u00e1s probable que los ni\u00f1os de hoy y las generaciones futuras est\u00e9n m\u00e1s expuestos y sean m\u00e1s vulnerables al cambio clim\u00e1tico y los riesgos relacionados, como inundaciones, estr\u00e9s por calor, escasez de agua, pobreza y hambre.<\/p>\n<p>Solo un ejemplo: se proyecta que los ni\u00f1os que ten\u00edan 10 a\u00f1os o menos en 2020 experimenten un aumento de eventos extremos de casi cuatro veces si las temperaturas globales se mantuvieran por debajo de 1,5\u00b0 de calentamiento global para 2100, mientras que ese incremento se multiplicar\u00e1 por cinco si se acerca a los 3\u00b0. Esa exposici\u00f3n no la experimentar\u00e1 nunca en su vida, bajo ning\u00fan escenario, una persona adulta que hoy ronda los 55 a\u00f1os.<\/p>\n<p>El cambio clim\u00e1tico afectar\u00e1 la calidad y disponibilidad del agua para la higiene, la producci\u00f3n de alimentos y los ecosistemas debido a inundaciones y sequ\u00edas. A medida que los glaciares andinos y los casquetes nevados contin\u00faen derriti\u00e9ndose o desaparezcan por completo, la cantidad de agua disponible ir\u00e1 en constante disminuci\u00f3n.<\/p>\n<p>Adem\u00e1s, con un fen\u00f3meno desatado, el incremento de la frecuencia de los incendios forestales y la incidencia de enfermedades transmitidas por vectores desembocar\u00e1 en un mundo con m\u00e1s pobreza y desigualdad, que empujar\u00e1 a muchas personas a una migraci\u00f3n masiva en busca de la supervivencia.<\/p>\n<p>Como siempre, los m\u00e1s vulnerables ser\u00e1n quienes reciban la peor parte. Y en \u00c1frica, el continente con la poblaci\u00f3n m\u00e1s joven del mundo (el 40% tiene menos de 15 a\u00f1os), el golpe podr\u00eda ser demoledor, con legiones de ni\u00f1os con deterioro del desarrollo f\u00edsico y retraso cognitivo severo debido a la desnutrici\u00f3n.<\/p>\n<p><strong>\u00bfQu\u00e9 hacer?<\/strong><\/p>\n<p>\u201cNecesitamos m\u00e1s cambios, m\u00e1s r\u00e1pidos\u201d, contesta Garibaldi. \u201cLa respuesta tiene que ser multidimensional, aunque no se trata de que todo sea dr\u00e1stico. Con cambios en cada uno de nuestras actividades ayudamos un mont\u00f3n, pero tenemos que cambiar y ya. Lo que cada uno hace importa. Ir dos d\u00edas en bici al trabajo, comer menos productos industrializados. No hacen falta los dualismos, una cosa o la otra, lo bueno y lo malo, blanco o negro. Hay que ir progresando en un proceso que no terminara nunca: en vez de destruir un poco, hay que regenerar\u201d.<\/p>\n<p>Para Wais, \u201clo m\u00e1s importante es bajar las emisiones y cumplir lo que dice el Acuerdo de Par\u00eds. Est\u00e1 claro que lo de limitar el aumento de temperatura a 1,5\u00b0 ya no se va cumplir, pero lo que no se puede hacer es llegar a un incremento de 3\u00b0 o 4\u00b0 porque todas las cadenas alimentarias dependen de eso. Un ejemplo: si el insecto acu\u00e1tico del que se alimentan las aves salen antes de tiempo a reproducirse, cuando las aves llegan no tienen alimento, y de all\u00ed en m\u00e1s todo empeora por el efecto domin\u00f3. Uno no puede pensar en forma antropoc\u00e9ntrica, somos parte de la naturaleza, no estamos arriba de ella. Y la ventana de oportunidad se est\u00e1 cerrando\u201d.<\/p>\n<blockquote class=\"pullquote align-center\"><p>Seg\u00fan la evaluaci\u00f3n del IPCC, estos impactos se intensificar\u00e1n en las pr\u00f3ximas d\u00e9cadas con profundas implicaciones para todos los aspectos de la vida humana.<\/p><\/blockquote>\n<p>&nbsp;<\/p>\n<p><strong>Ventajas y oportunidades<\/strong><\/p>\n<p>Los efectos del cambio clim\u00e1tico golpear\u00e1n a la Argentina de diversas maneras. Como describe Isla, \u201cel \u00faltimo informe se\u00f1ala tres zonas: la llanura Chaco Pampeana, que soportar\u00e1 m\u00e1s calor y m\u00e1s lluvias, el oeste del pa\u00eds con una disminuci\u00f3n significativa de precipitaciones que afectar\u00e1 tambi\u00e9n las cuencas de Cuyo, y un aumento de temperatura y menos lluvias en la Patagonia y Tierra del Fuego. En esta regi\u00f3n, pese a que ser\u00e1n menos recurrentes, las lluvias se potenciar\u00e1n y ser\u00e1n torrenciales, como las que impactaron en los \u00faltimos a\u00f1os a Puerto Madryn y Comodoro Rivadavia\u201d. De todos modos, en su opini\u00f3n, \u201cla Argentina est\u00e1 mejor en t\u00e9rminos ambientales que los pa\u00edses vecinos\u201d.<\/p>\n<p>Un punto de vista compartido por Wais: \u201cTenemos algunas ventajas sobre Am\u00e9rica Latina: por empezar, contamos con la Ley de Generaci\u00f3n Distribuida, la Ley de Educaci\u00f3n Ambiental para las escuelas y la Ley Yolanda para capacitar a los funcionarios en materia ambiental\u201d. Pero advierte al mismo tiempo sobre las oportunidades desaprovechadas. \u201cNo me entra en la cabeza como no utilizamos energ\u00eda geot\u00e9rmica, algo que podr\u00edan tener todas las provincias cordilleranas a un precio accesible. Lo mismo pasa con la energ\u00eda undomotriz, que estamos en condiciones de desarrollar a partir de la energ\u00eda de las olas. De hecho, se nos ofreci\u00f3 capacitaci\u00f3n gratuita y no la aceptamos\u201d. \u201cSe necesita decisi\u00f3n pol\u00edtica\u201d, remarca una y otra vez, aunque aclara que la mayor\u00eda de las veces la inacci\u00f3n no se debe a segundas intenciones sino, lisa y llanamente \u201cpor ignorancia, por falta de conocimiento\u201d.<\/p>\n<p>&nbsp;<\/p>\n<p>[vc_separator color=\u00bbcustom\u00bb border_width=\u00bb2&#8243; el_width=\u00bb20&#8243; align=\u00bbalign_left\u00bb accent_color=\u00bb#80CFE3&#8243;]<\/p>\n<p><strong>Impacto Ambiental<\/strong><br \/>\nAs\u00ed ser\u00e1 el futuro de las pr\u00f3ximas generaciones si no limitamos el calentamiento global a menos de 2\u00b0, preferentemente a 1,5\u00b0, a comparaci\u00f3n con la temperatura preindustrial.<\/p>\n<p><img decoding=\"async\" loading=\"lazy\" class=\"alignnone size-full wp-image-2040\" src=\"https:\/\/qiarg.org\/magazine\/wp-content\/uploads\/2022\/07\/grafico.png\" alt=\"\" width=\"1200\" height=\"675\" srcset=\"https:\/\/qiarg.org\/magazine\/wp-content\/uploads\/2022\/07\/grafico.png 1200w, https:\/\/qiarg.org\/magazine\/wp-content\/uploads\/2022\/07\/grafico-300x169.png 300w, https:\/\/qiarg.org\/magazine\/wp-content\/uploads\/2022\/07\/grafico-1024x576.png 1024w, https:\/\/qiarg.org\/magazine\/wp-content\/uploads\/2022\/07\/grafico-768x432.png 768w, https:\/\/qiarg.org\/magazine\/wp-content\/uploads\/2022\/07\/grafico-750x422.png 750w, https:\/\/qiarg.org\/magazine\/wp-content\/uploads\/2022\/07\/grafico-1140x641.png 1140w\" sizes=\"(max-width: 1200px) 100vw, 1200px\" \/>[vc_separator color=\u00bbcustom\u00bb border_width=\u00bb2&#8243; el_width=\u00bb20&#8243; align=\u00bbalign_left\u00bb accent_color=\u00bb#80CFE3&#8243;]<\/p>\n<p>&nbsp;<\/p>\n<p>Garibaldi apunta como factor principal a un cambio en el uso de suelo, \u201cc\u00f3mo llevamos a cabo nuestros cultivos, animales. El sistema alimentario es uno de los principales causantes de la p\u00e9rdida de biodiversidad y el cambio clim\u00e1tico. Sin embargo, siguen existiendo m\u00faltiples intereses que evitan que se pague un diferencial por un alimento que se produce contaminando m\u00e1s\u201d.<\/p>\n<p>\u201cSi seguimos produciendo como hasta ahora no se arreglar\u00e1 nada. Debemos tener en claro que algo hay que hacer. Nosotros dependemos de la naturaleza, vivimos en un sistema ecol\u00f3gico y para respirar aire puro, para que se regulen el clima, las inundaciones, el nivel del mar, para evitar que se dispersen nuevas enfermedades, dependemos de esa interrelaci\u00f3n\u201d, resume. En definitiva, es defender la existencia misma: \u201cSon los principios ecol\u00f3gicos que moldearon la vida en la Tierra\u201d.<\/p>\n<p>&nbsp;<\/p>\n<p>[vc_row][vc_column width=\u00bb1\/3&#8243;][vc_column_text]<\/p>\n<p><img decoding=\"async\" loading=\"lazy\" class=\"alignnone size-full wp-image-2037\" src=\"https:\/\/qiarg.org\/magazine\/wp-content\/uploads\/2022\/07\/Federico-Isla-2.jpg\" alt=\"\" width=\"300\" height=\"300\" srcset=\"https:\/\/qiarg.org\/magazine\/wp-content\/uploads\/2022\/07\/Federico-Isla-2.jpg 300w, https:\/\/qiarg.org\/magazine\/wp-content\/uploads\/2022\/07\/Federico-Isla-2-150x150.jpg 150w, https:\/\/qiarg.org\/magazine\/wp-content\/uploads\/2022\/07\/Federico-Isla-2-75x75.jpg 75w\" sizes=\"(max-width: 300px) 100vw, 300px\" \/><\/p>\n<p><span style=\"color: #80cfe3;\"><em>\u201cDespu\u00e9s de la pandemia varios pa\u00edses se hab\u00edan comprometido a reducir las emsiones, pero la guerra va a atrasar todo. Ahora la cuesti\u00f3n ambiental pas\u00f3 a prioridad 2\u201d.<\/em><\/span><\/p>\n<p><strong>Federico isla<\/strong><br \/>\nDirector del Instituto de Geolog\u00eda de Costas y del Cuaternario de Mar del Plata, quien particip\u00f3 del \u201cInforme especial sobre el oc\u00e9ano y la cri\u00f3sfera en un clima cambiante\u201d, elaborado por el Grupo Intergubernamental de Expertos sobre el Cambio Clim\u00e1tico (IPCC) por m\u00e1s de 100 autores de 36 pa\u00edses y aprobada el 24 de septiembre de 2019 por los 195 gobiernos miembros.<\/p>\n<p>[\/vc_column_text][\/vc_column][vc_column width=\u00bb1\/3&#8243;][vc_column_text]<\/p>\n<p><img decoding=\"async\" loading=\"lazy\" class=\"alignnone size-full wp-image-2036\" src=\"https:\/\/qiarg.org\/magazine\/wp-content\/uploads\/2022\/07\/Irene-Wais.jpg\" alt=\"\" width=\"300\" height=\"300\" srcset=\"https:\/\/qiarg.org\/magazine\/wp-content\/uploads\/2022\/07\/Irene-Wais.jpg 300w, https:\/\/qiarg.org\/magazine\/wp-content\/uploads\/2022\/07\/Irene-Wais-150x150.jpg 150w, https:\/\/qiarg.org\/magazine\/wp-content\/uploads\/2022\/07\/Irene-Wais-75x75.jpg 75w\" sizes=\"(max-width: 300px) 100vw, 300px\" \/><\/p>\n<p><span style=\"color: #80cfe3;\"><em>\u201cDurante mucho tiempo hubo un laissez faire esperando el \u00faltimo momento y ese momento lleg\u00f3. Los negacionistas no quieren ver la realidad, pero estamos ante el punto de no retorno\u201d.<\/em><\/span><\/p>\n<p><strong>Irene Wais<\/strong><br \/>\nBi\u00f3loga (FCEyN-UBA) especializada en Ecolog\u00eda (Oregon State University, USA) y Posgrado Internacional en Evaluaci\u00f3n de Impactos Ambientales (Universidad Nacional Aut\u00f3noma de M\u00e9xico). Profesora universitaria de grado y posgrado y miembro de la Red de Mujeres en Di\u00e1logo Ambiental.<\/p>\n<p>[\/vc_column_text][\/vc_column][vc_column width=\u00bb1\/3&#8243;][vc_column_text]<\/p>\n<p><img decoding=\"async\" loading=\"lazy\" class=\"alignnone size-full wp-image-2035\" src=\"https:\/\/qiarg.org\/magazine\/wp-content\/uploads\/2022\/07\/Lucas-Garibaldi-1.jpg\" alt=\"\" width=\"300\" height=\"300\" srcset=\"https:\/\/qiarg.org\/magazine\/wp-content\/uploads\/2022\/07\/Lucas-Garibaldi-1.jpg 300w, https:\/\/qiarg.org\/magazine\/wp-content\/uploads\/2022\/07\/Lucas-Garibaldi-1-150x150.jpg 150w, https:\/\/qiarg.org\/magazine\/wp-content\/uploads\/2022\/07\/Lucas-Garibaldi-1-75x75.jpg 75w\" sizes=\"(max-width: 300px) 100vw, 300px\" \/><\/p>\n<p><span style=\"color: #80cfe3;\"><em>\u201cLo bueno es que cada vez hay m\u00e1s ejemplos positivos, como las iniciativas para producir alimentos con menores emisiones contaminantes. Hoy sabemos lo que hay que hacer, hace 30 a\u00f1os no estaba tan claro\u201d.<\/em><\/span><\/p>\n<p><strong>Lucas Garibaldi<\/strong><br \/>\nEs Doctor en Ciencias Agropecuarias por la Universidad de Buenos Aires. Actualmente es el Director de la Sede Andina del Instituto de Investigaciones en Recursos Naturales, Agroecolog\u00eda y Desarrollo Rural, de la Universidad Nacional de R\u00edo Negro. En 2019 represent\u00f3 a la Argentina en la sede mundial de la Unesco, en Par\u00eds, en el informe de Evaluaci\u00f3n Mundial de la Plataforma Intergubernamental sobre Diversidad Biol\u00f3gica y Ecosistemas (IPBES).<\/p>\n<p>[\/vc_column_text][\/vc_column][\/vc_row]<\/p>\n<h6><\/h6>\n<p>&nbsp;<\/p>\n","protected":false},"excerpt":{"rendered":"<p>L os resultados de la Cumbre del Clima en Reino Unido y el \u00faltimo informe del Grupo Intergubernamental de Expertos sobre el Cambio Clim\u00e1tico (IPCC) ya ten\u00edan un gusto agrio. Luego vino la guerra. Y con ella los justificativos para retraer las ambiciones y dejar el futuro en un segundo plano. Est\u00e1 en juego toda [&hellip;]<\/p>\n","protected":false},"author":1,"featured_media":2039,"comment_status":"closed","ping_status":"closed","sticky":false,"template":"","format":"standard","meta":[],"categories":[137],"tags":[],"acf":[],"_links":{"self":[{"href":"https:\/\/qiarg.org\/magazine\/wp-json\/wp\/v2\/posts\/2033"}],"collection":[{"href":"https:\/\/qiarg.org\/magazine\/wp-json\/wp\/v2\/posts"}],"about":[{"href":"https:\/\/qiarg.org\/magazine\/wp-json\/wp\/v2\/types\/post"}],"author":[{"embeddable":true,"href":"https:\/\/qiarg.org\/magazine\/wp-json\/wp\/v2\/users\/1"}],"replies":[{"embeddable":true,"href":"https:\/\/qiarg.org\/magazine\/wp-json\/wp\/v2\/comments?post=2033"}],"version-history":[{"count":8,"href":"https:\/\/qiarg.org\/magazine\/wp-json\/wp\/v2\/posts\/2033\/revisions"}],"predecessor-version":[{"id":2047,"href":"https:\/\/qiarg.org\/magazine\/wp-json\/wp\/v2\/posts\/2033\/revisions\/2047"}],"wp:featuredmedia":[{"embeddable":true,"href":"https:\/\/qiarg.org\/magazine\/wp-json\/wp\/v2\/media\/2039"}],"wp:attachment":[{"href":"https:\/\/qiarg.org\/magazine\/wp-json\/wp\/v2\/media?parent=2033"}],"wp:term":[{"taxonomy":"category","embeddable":true,"href":"https:\/\/qiarg.org\/magazine\/wp-json\/wp\/v2\/categories?post=2033"},{"taxonomy":"post_tag","embeddable":true,"href":"https:\/\/qiarg.org\/magazine\/wp-json\/wp\/v2\/tags?post=2033"}],"curies":[{"name":"wp","href":"https:\/\/api.w.org\/{rel}","templated":true}]}}