{"id":2025,"date":"2022-07-22T19:31:23","date_gmt":"2022-07-22T22:31:23","guid":{"rendered":"https:\/\/qiarg.org\/magazine\/?p=2025"},"modified":"2022-07-22T23:45:41","modified_gmt":"2022-07-23T02:45:41","slug":"biodiversidad","status":"publish","type":"post","link":"https:\/\/qiarg.org\/magazine\/biodiversidad\/","title":{"rendered":"Biodiversidad"},"content":{"rendered":"<p><span class=\"dropcap \" style=\"background-color: #ffffff; color: #000000; border-color: #ffffff;\">E<\/span><\/p>\n<p>En los \u00faltimos 50 a\u00f1os, las poblaciones de mam\u00edferos, aves, peces, anfibios y reptiles se redujeron un 68%, seg\u00fan el informe \u201cPlaneta Vivo 2020\u201d, de la WWF (World Wildlife Fund). En Am\u00e9rica Latina la reducci\u00f3n, en promedio, fue del 94% y las principales amenazas son la alteraci\u00f3n de bosques, humedales, pastizales y sabanas, la sobreexplotaci\u00f3n de especies, el cambio clim\u00e1tico y la introducci\u00f3n de especies ex\u00f3ticas, seg\u00fan la Fundaci\u00f3n Vida Silvestre.<\/p>\n<p>Adem\u00e1s, cada a\u00f1o se deforestan 10 millones de hect\u00e1reas de bosques, lo que equivale al doble de la superficie de un pa\u00eds como Costa Rica, con la consecuente p\u00e9rdida de especies, de absorci\u00f3n de CO2 (uno de los gases responsables del calentamiento global) y de generaci\u00f3n de ox\u00edgeno.<\/p>\n<p>Las actividades humanas est\u00e1n afectando la naturaleza a una escala y un ritmo sin precedentes en millones de a\u00f1os, advirtieron expertos internacionales en un informe conjunto presentado por dos organismos de la ONU: el IPCC (Panel Intergubernamental de Cambio Clim\u00e1tico) y el IPBES (la Plataforma Intergubernamental sobre Diversidad Biol\u00f3gica y Servicios de los Ecosistemas).<\/p>\n<p>La forma en que producimos y consumimos, y el desprecio por el ambiente arraigado en nuestro modelo econ\u00f3mico actual, est\u00e1n llevando a los ecosistemas a un punto l\u00edmite. La Covid-19 es una clara manifestaci\u00f3n del quiebre de nuestra relaci\u00f3n con la naturaleza y nos muestra adem\u00e1s la interconexi\u00f3n entre la salud de las personas y la del planeta.<\/p>\n<blockquote class=\"pullquote align-center\"><p>Cada a\u00f1o se deforestan 10 millones de hect\u00e1reas de bosques, lo que equivale al doble de la superficie de un pa\u00eds como Costa Rica.<\/p><\/blockquote>\n<p>Desde la revoluci\u00f3n industrial, las actividades humanas han ido degradando y destruyendo los bosques, pastizales, humedales y otros ecosistemas importantes, amenazando as\u00ed el propio bienestar humano. La sobrepesca, la contaminaci\u00f3n y el desarrollo urban\u00edstico costero est\u00e1n impactando en los oc\u00e9anos.<\/p>\n<p>Seg\u00fan el informe \u201cPlaneta Vivo\u201d, el factor m\u00e1s importante de p\u00e9rdida de biodiversidad en los sistemas terrestres en las \u00faltimas d\u00e9cadas es el cambio de uso del suelo, que convierte bosques, humedales y pastizales naturales en tierras de cultivo, forestaci\u00f3n industrial o cr\u00eda de ganado. Adem\u00e1s, una gran parte de los mares han sido sobreexplotados e inundados con basura pl\u00e1stica.<\/p>\n<figure id=\"attachment_2029\" aria-describedby=\"caption-attachment-2029\" style=\"width: 1200px\" class=\"wp-caption alignnone\"><img decoding=\"async\" loading=\"lazy\" class=\"size-full wp-image-2029\" src=\"https:\/\/qiarg.org\/magazine\/wp-content\/uploads\/2022\/07\/Biodiversidad2.jpg\" alt=\"\" width=\"1200\" height=\"675\" srcset=\"https:\/\/qiarg.org\/magazine\/wp-content\/uploads\/2022\/07\/Biodiversidad2.jpg 1200w, https:\/\/qiarg.org\/magazine\/wp-content\/uploads\/2022\/07\/Biodiversidad2-300x169.jpg 300w, https:\/\/qiarg.org\/magazine\/wp-content\/uploads\/2022\/07\/Biodiversidad2-1024x576.jpg 1024w, https:\/\/qiarg.org\/magazine\/wp-content\/uploads\/2022\/07\/Biodiversidad2-768x432.jpg 768w, https:\/\/qiarg.org\/magazine\/wp-content\/uploads\/2022\/07\/Biodiversidad2-750x422.jpg 750w, https:\/\/qiarg.org\/magazine\/wp-content\/uploads\/2022\/07\/Biodiversidad2-1140x641.jpg 1140w\" sizes=\"(max-width: 1200px) 100vw, 1200px\" \/><figcaption id=\"caption-attachment-2029\" class=\"wp-caption-text\">Los bosques albergan el 80% de los anfibios, 75% de las aves y 68% de mam\u00edferos (Informe Planeta Vivo 2020). Foto: Dar\u00edo Podest\u00e1<\/figcaption><\/figure>\n<p><strong>Conservar 30&#215;30<\/strong><\/p>\n<p>En busca de un acuerdo mundial para frenar la acelerada p\u00e9rdida de especies y \u00e1reas naturales, durante la \u00faltima reuni\u00f3n de las partes del Convenio sobre la Diversidad Biol\u00f3gica (CDB), m\u00e1s de 90 pa\u00edses impulsaron el Compromiso 30&#215;30. Se trata de proteger al menos el 30 por ciento de la superficie de tierras y mares del mundo, para el 2030.<\/p>\n<p>Los beneficios econ\u00f3micos de proteger el 30% del planeta superar\u00edan los costos en una proporci\u00f3n de al menos 5 a 1, ya que despu\u00e9s de la recuperaci\u00f3n de la pandemia, el sector de bienes y servicios de la naturaleza crecer\u00e1 entre un 4% y un 6% por a\u00f1o en comparaci\u00f3n a menos del 1% para la agricultura, la madera y la pesca, generando nuevos empleos verdes.<\/p>\n<p>Este acuerdo global que deber\u00eda haberse firmado en 2020, se vio demorado por la crisis de la Covid. La Argentina -si bien a\u00fan no ratific\u00f3 el compromiso 30&#215;30- es un pa\u00eds pionero en la conservaci\u00f3n de sus \u00e1reas naturales. Desde 1903, en que el Dr. Francisco P. Moreno inici\u00f3 el sistema de Parques Naturales, el pa\u00eds suma m\u00e1s de 40 millones de hect\u00e1reas protegidas, que representan el 14,45% del territorio continental y el 7,05% de la plataforma submarina.<\/p>\n<p>\u201cEste esfuerzo de conservaci\u00f3n necesita sumar a las comunidades locales y, en particular, a las ind\u00edgenas\u201d, advierte Emiliano Ezcurra, ex director de Parques Nacionales y fundador del Banco de Bosques. Solo as\u00ed ser\u00eda posible garantizar el dise\u00f1o y la gesti\u00f3n de las \u00e1reas protegidas de modo equitativo.<\/p>\n<p>\u201cInvertir en la naturaleza no solo asegura la provisi\u00f3n de servicios ambientales muy costosos o imposibles de sustituir. Tambi\u00e9n genera las condiciones necesarias para impulsar el desarrollo humano\u201d, destaca.<\/p>\n<p><strong>Proyecto Ciervo de los Pantanos<\/strong><\/p>\n<p>En el Delta del Paran\u00e1, a 70 kil\u00f3metros del obelisco porte\u00f1o, se halla uno de los \u00faltimos reductos del ciervo de los Pantanos, una especie emblem\u00e1tica del humedal.<\/p>\n<p>La caza furtiva, la desaparici\u00f3n de su h\u00e1bitat natural y el corrimiento de la frontera urbana y agropecuaria pusieron en peligro de extinci\u00f3n a esta especie herb\u00edvora. Es por esto que en 2014 naci\u00f3 el Proyecto Pantano, un programa de conservaci\u00f3n en el que participan cient\u00edficos del CONICET y el INTA, ONGs, empresas y productores. El objetivo era evitar su desaparici\u00f3n. Y tras ocho a\u00f1os de trabajo, \u201cse ha logrado recomponer y aumentar el n\u00famero de ejemplares, gracias al monitoreo y un manejo que permite unir la producci\u00f3n forestal con la conservaci\u00f3n de la biodiversidad\u201d, comenta el bi\u00f3logo Javier Pereira, investigador del CONICET y director del proyecto.<\/p>\n<figure id=\"attachment_2028\" aria-describedby=\"caption-attachment-2028\" style=\"width: 1200px\" class=\"wp-caption alignnone\"><img decoding=\"async\" loading=\"lazy\" class=\"size-full wp-image-2028\" src=\"https:\/\/qiarg.org\/magazine\/wp-content\/uploads\/2022\/07\/Biodiversidad3.jpg\" alt=\"\" width=\"1200\" height=\"675\" srcset=\"https:\/\/qiarg.org\/magazine\/wp-content\/uploads\/2022\/07\/Biodiversidad3.jpg 1200w, https:\/\/qiarg.org\/magazine\/wp-content\/uploads\/2022\/07\/Biodiversidad3-300x169.jpg 300w, https:\/\/qiarg.org\/magazine\/wp-content\/uploads\/2022\/07\/Biodiversidad3-1024x576.jpg 1024w, https:\/\/qiarg.org\/magazine\/wp-content\/uploads\/2022\/07\/Biodiversidad3-768x432.jpg 768w, https:\/\/qiarg.org\/magazine\/wp-content\/uploads\/2022\/07\/Biodiversidad3-750x422.jpg 750w, https:\/\/qiarg.org\/magazine\/wp-content\/uploads\/2022\/07\/Biodiversidad3-1140x641.jpg 1140w\" sizes=\"(max-width: 1200px) 100vw, 1200px\" \/><figcaption id=\"caption-attachment-2028\" class=\"wp-caption-text\">El Programa Ciervo de los Pantanos busca preservar a esta especie emblem\u00e1tica del Delta Paranaense de la caza furtiva y el corrimiento de la frontera urbana y agropecuaria (foto gentileza Proyecto Pantano)<\/figcaption><\/figure>\n<p>En un predio de 10 mil hect\u00e1reas de la firma forestal Arauco, se instalaron c\u00e1maras trampa, que junto al uso de drones y tecnolog\u00eda satelital, permiten hacer un seguimiento de la poblaci\u00f3n de los carism\u00e1ticos ciervos, conocer sus costumbres, h\u00e1bitos de alimentaci\u00f3n, apareamiento y desplazamiento por el territorio.<\/p>\n<p>Se trata de una reserva natural privada (lindero al Parque Nacional Ciervo de los Pantanos), donde la empresa forestadora implementa pr\u00e1cticas productivas compatibles con la vida y el bienestar de esta especie, al tiempo que la mantiene protegida de sus dos grandes enemigos: los cazadores furtivos, y los perros sueltos.<\/p>\n<p>La firma Toyota don\u00f3 camionetas Hilux todo terreno y aport\u00f3 u$s 70.000 para la iniciativa. \u201cEstamos comprometidos con los Objetivos de Desarrollo Sostenible de la ONU, en particular en cuanto al consumo responsable, la econom\u00eda circular y la conservaci\u00f3n de la biodiversidad en la Argentina, a partir del Proyecto Pantano en el Delta y el de Conservaci\u00f3n del Mac\u00e1 Tobiano en la Patagonia\u201d, destaca Fernando Lema, gerente de Comunicaci\u00f3n de la automotriz japonesa.<\/p>\n<p><strong>Proteger los recursos gen\u00e9ticos<\/strong><\/p>\n<p>La jarilla, un arbusto aut\u00f3ctono que crece en la provincia de La Rioja y otras zonas del pa\u00eds, era conocido y utilizado por pueblos originarios como planta medicinal. En 2006, investigadores del CONICET descubrieron casi por azar sus propiedades regenerativas para el cabello. Y a partir de este hallazgo cient\u00edfico, el emprendedor Sergio Garr\u00e9, fundador del laboratorio Garr\u00e9 Guevara, decidi\u00f3 adquirir la patente del CONICET y llevar adelante la formulaci\u00f3n de un producto para la calvicie (EcoHair), basado en extractos de este arbusto.<\/p>\n<p>Conforme aumentaban las ventas de lociones y champ\u00faes, el laboratorio se fue quedando sin stock y sin proveedores de jarilla. Entonces comenz\u00f3 una investigaci\u00f3n financiada por la empresa junto con el Instituto Darwinion del CONICET para optimizar la obtenci\u00f3n de compuestos activos y la estandarizaci\u00f3n del proceso de recolecci\u00f3n de este arbusto silvestre.<\/p>\n<p>\u201cEste trabajo dur\u00f3 varios a\u00f1os y no solo nos permiti\u00f3 obtener el recurso vegetal sino que certificamos org\u00e1nico y aplicamos por primera vez en Sudam\u00e9rica el Protocolo de Nagoya para la protecci\u00f3n de la diversidad gen\u00e9tica\u201d, destaca Garr\u00e9. \u201cPara nosotros es un reconocimiento de que nuestra producci\u00f3n preserva los recursos naturales, respeta la cultura de los pueblos originarios y contempla los intereses de las y los trabajadores\u201d, apunta el emprendedor.<\/p>\n<p>El Protocolo de Nagoya es un acuerdo complementario al Convenio de Diversidad Biol\u00f3gica del PNUMA (Programa de Naciones Unidas para el Medio Ambiente), que regula el \u201cacceso a los recursos gen\u00e9ticos y la<br \/>\nparticipaci\u00f3n justa y equitativa en los beneficios que deriven de su utilizaci\u00f3n\u201d en los pa\u00edses en v\u00edas de desarrollo.<\/p>\n<p>El laboratorio obtuvo el aval del cumplimiento del Protocolo con la colaboraci\u00f3n del Ministerio de Ambiente de la Naci\u00f3n y la Secretar\u00eda de Ambiente de La Rioja. El gobierno provincial autoriz\u00f3 la recolecci\u00f3n de hojas de jarilla con la aplicaci\u00f3n de buenas pr\u00e1cticas, incluyendo el cumplimiento de la normativa ambiental y la capacitaci\u00f3n de los recolectores. Asimismo, la certificaci\u00f3n le otorg\u00f3 a La Rioja los derechos exclusivos de uso del recurso gen\u00e9tico, protegiendo al pa\u00eds de la biopirater\u00eda gen\u00e9tica y evitando su apropiaci\u00f3n sin consentimiento.<\/p>\n<p><strong>Salvar a los oc\u00e9anos para salvar a la Tierra<\/strong><\/p>\n<p>M\u00e1s de dos tercios de la superficie del planeta Tierra est\u00e1n cubiertos por oc\u00e9anos. Y hoy, esas inmensas masas de agua enfrentan enormes riesgos: la acidificaci\u00f3n, la contaminaci\u00f3n pl\u00e1stica, qu\u00edmica y ac\u00fastica y la depredaci\u00f3n de la fauna marina.<\/p>\n<p>Anualmente m\u00e1s de 12 millones de toneladas de pl\u00e1sticos terminan en el mar y el 10% procede de la industria pesquera, como redes y sogas de pesca. Esto genera graves consecuencias en la biodiversidad marina: peces, tortugas, aves, focas y ballenas pueden ingerir pl\u00e1stico o quedarse atrapados en diversos objetos, lo que les produce desde heridas hasta la muerte.<\/p>\n<p>Seg\u00fan el informe \u201cImpacto de redes y sogas de la actividad pesquera sobre las ballenas francas de Pen\u00ednsula Vald\u00e9s\u201d realizado por el Instituto de Conservaci\u00f3n de Ballenas (ICB), con el apoyo del laboratorio La Roche-Posay, las heridas producidas por sogas, redes y colisiones con embarcaciones afectan en forma creciente a las ballenas francas australes que utilizan como \u00e1rea de cr\u00eda y reproducci\u00f3n las aguas costeras de la Pen\u00ednsula Vald\u00e9s.<\/p>\n<figure id=\"attachment_2027\" aria-describedby=\"caption-attachment-2027\" style=\"width: 1200px\" class=\"wp-caption alignnone\"><img decoding=\"async\" loading=\"lazy\" class=\"size-full wp-image-2027\" src=\"https:\/\/qiarg.org\/magazine\/wp-content\/uploads\/2022\/07\/Biodiversidad5.jpg\" alt=\"\" width=\"1200\" height=\"675\" srcset=\"https:\/\/qiarg.org\/magazine\/wp-content\/uploads\/2022\/07\/Biodiversidad5.jpg 1200w, https:\/\/qiarg.org\/magazine\/wp-content\/uploads\/2022\/07\/Biodiversidad5-300x169.jpg 300w, https:\/\/qiarg.org\/magazine\/wp-content\/uploads\/2022\/07\/Biodiversidad5-1024x576.jpg 1024w, https:\/\/qiarg.org\/magazine\/wp-content\/uploads\/2022\/07\/Biodiversidad5-768x432.jpg 768w, https:\/\/qiarg.org\/magazine\/wp-content\/uploads\/2022\/07\/Biodiversidad5-750x422.jpg 750w, https:\/\/qiarg.org\/magazine\/wp-content\/uploads\/2022\/07\/Biodiversidad5-1140x641.jpg 1140w\" sizes=\"(max-width: 1200px) 100vw, 1200px\" \/><figcaption id=\"caption-attachment-2027\" class=\"wp-caption-text\">Conservar a las Ballenas ayuda a la mitigaci\u00f3n del cambio clim\u00e1tico ya que sus cuerpos absorben grandes cantidades de di\u00f3xido de carbono (CO2), principal gas de efecto invernadero. (foto gentileza ICB)<\/figcaption><\/figure>\n<p>Para cuidar a esta emblem\u00e1tica especie, y a otros habitantes de los oc\u00e9anos, el laboratorio, junto al ICB, lanzaron la campa\u00f1a \u201cGuardianes de los Oc\u00e9anos\u201d.<\/p>\n<p>\u201cCuidar a las ballenas es cuidarnos a nosotros\u201d, dice Roxana Schteinbarg, co-fundadora y coordinadora de programas de conservaci\u00f3n del ICB. \u201cSon una especie clave en el ecosistema marino ya que en sus largas migraciones distribuyen nutrientes vitales para la vida oce\u00e1nica. Y adem\u00e1s son grandes aliadas en la lucha contra el cambio clim\u00e1tico ya que sus cuerpos absorben grandes cantidades de di\u00f3xido de carbono (CO2), principal gas de efecto invernadero. Una ballena a lo largo de su vida captura la misma cantidad que miles de \u00e1rboles\u201d, afirma la especialista.<\/p>\n<p><strong>Hacia una econom\u00eda restaurativa<\/strong><\/p>\n<p>La p\u00e9rdida de biodiversidad no es una mera cuesti\u00f3n ambiental, sino un enorme desaf\u00edo para la econom\u00eda, el desarrollo y la salud. La biodiversidad es necesaria para el aprovisionamiento de alimentos, agua, energ\u00eda, medicinas y otras materias primas, y tambi\u00e9n resulta clave para la regulaci\u00f3n del clima, los servicios de polinizaci\u00f3n, el control de inundaciones, sequ\u00edas y grandes mareas. Adem\u00e1s, la naturaleza contribuye con servicios ecosist\u00e9micos no materiales, como el bienestar f\u00edsico y mental, la conformaci\u00f3n de la identidad y la cultura.<\/p>\n<p>\u201cEs imperioso revertir la p\u00e9rdida de biodiversidad que hemos generado durante estos a\u00f1os. Ahora es el momento de restaurar los ecosistemas y modificar nuestros h\u00e1bitos, para prevenir una crisis clim\u00e1tica catastr\u00f3fica\u201d, dice Manuel Jaramillo, director general de Fundaci\u00f3n Vida Silvestre. Tal vez esta sea la \u00faltima oportunidad de hacerlo.<\/p>\n<p>&nbsp;<\/p>\n<p>[vc_row][vc_column width=\u00bb1\/3&#8243;][vc_column_text]<\/p>\n<h1><strong>53<\/strong><\/h1>\n<p>[vc_separator color=\u00bbcustom\u00bb border_width=\u00bb5&#8243; el_width=\u00bb30&#8243; align=\u00bbalign_left\u00bb accent_color=\u00bb#80CFE3&#8243;]<\/p>\n<div>\n<p>Son los millones de personas de personas que se benefician de los servicios ambientales generados en el h\u00e1bitat del yaguaret\u00e9 en Am\u00e9rica. Su conservaci\u00f3n contribuye a la mitigaci\u00f3n del cambio clim\u00e1tico, ya que abarca 4.80 millones de km2 de bosques que capturan CO2 (WWF)<\/p>\n<\/div>\n<p>[\/vc_column_text][\/vc_column][vc_column width=\u00bb1\/3&#8243;][vc_column_text]<\/p>\n<h1><strong>110.000<\/strong><\/h1>\n<p>[vc_separator color=\u00bbcustom\u00bb border_width=\u00bb5&#8243; el_width=\u00bb30&#8243; align=\u00bbalign_left\u00bb accent_color=\u00bb#80CFE3&#8243;]<\/p>\n<div>Toneladas de merluza en buen estado se descartan cada a\u00f1o en las costas argentinas (FVSA).<\/div>\n<p>[\/vc_column_text][\/vc_column][vc_column width=\u00bb1\/3&#8243;][vc_column_text]<\/p>\n<h1><strong>700<\/strong><\/h1>\n<p>[vc_separator color=\u00bbcustom\u00bb border_width=\u00bb5&#8243; el_width=\u00bb30&#8243; align=\u00bbalign_left\u00bb accent_color=\u00bb#80CFE3&#8243;]<\/p>\n<div>\n<p>Son los millones de personas que deber\u00e1n migrar para 2050 debido a la degradaci\u00f3n de los suelos y el cambio clim\u00e1tico (IPBES, 2018)<\/p>\n<\/div>\n<p>[\/vc_column_text][\/vc_column][\/vc_row]<\/p>\n<h6><\/h6>\n<p>&nbsp;<\/p>\n","protected":false},"excerpt":{"rendered":"<p>E En los \u00faltimos 50 a\u00f1os, las poblaciones de mam\u00edferos, aves, peces, anfibios y reptiles se redujeron un 68%, seg\u00fan el informe \u201cPlaneta Vivo 2020\u201d, de la WWF (World Wildlife Fund). En Am\u00e9rica Latina la reducci\u00f3n, en promedio, fue del 94% y las principales amenazas son la alteraci\u00f3n de bosques, humedales, pastizales y sabanas, la [&hellip;]<\/p>\n","protected":false},"author":1,"featured_media":2030,"comment_status":"closed","ping_status":"closed","sticky":false,"template":"","format":"standard","meta":[],"categories":[137],"tags":[],"acf":[],"_links":{"self":[{"href":"https:\/\/qiarg.org\/magazine\/wp-json\/wp\/v2\/posts\/2025"}],"collection":[{"href":"https:\/\/qiarg.org\/magazine\/wp-json\/wp\/v2\/posts"}],"about":[{"href":"https:\/\/qiarg.org\/magazine\/wp-json\/wp\/v2\/types\/post"}],"author":[{"embeddable":true,"href":"https:\/\/qiarg.org\/magazine\/wp-json\/wp\/v2\/users\/1"}],"replies":[{"embeddable":true,"href":"https:\/\/qiarg.org\/magazine\/wp-json\/wp\/v2\/comments?post=2025"}],"version-history":[{"count":4,"href":"https:\/\/qiarg.org\/magazine\/wp-json\/wp\/v2\/posts\/2025\/revisions"}],"predecessor-version":[{"id":2100,"href":"https:\/\/qiarg.org\/magazine\/wp-json\/wp\/v2\/posts\/2025\/revisions\/2100"}],"wp:featuredmedia":[{"embeddable":true,"href":"https:\/\/qiarg.org\/magazine\/wp-json\/wp\/v2\/media\/2030"}],"wp:attachment":[{"href":"https:\/\/qiarg.org\/magazine\/wp-json\/wp\/v2\/media?parent=2025"}],"wp:term":[{"taxonomy":"category","embeddable":true,"href":"https:\/\/qiarg.org\/magazine\/wp-json\/wp\/v2\/categories?post=2025"},{"taxonomy":"post_tag","embeddable":true,"href":"https:\/\/qiarg.org\/magazine\/wp-json\/wp\/v2\/tags?post=2025"}],"curies":[{"name":"wp","href":"https:\/\/api.w.org\/{rel}","templated":true}]}}