{"id":1991,"date":"2022-07-22T17:02:15","date_gmt":"2022-07-22T20:02:15","guid":{"rendered":"https:\/\/qiarg.org\/magazine\/?p=1991"},"modified":"2022-07-22T23:46:50","modified_gmt":"2022-07-23T02:46:50","slug":"vistas-6","status":"publish","type":"post","link":"https:\/\/qiarg.org\/magazine\/vistas-6\/","title":{"rendered":"Vistas+"},"content":{"rendered":"<p><img decoding=\"async\" loading=\"lazy\" class=\"foto-seccion wp-image-1997 size-full alignleft\" src=\"https:\/\/qiarg.org\/magazine\/wp-content\/uploads\/2022\/07\/tomar-accion.jpg\" alt=\"\" width=\"300\" height=\"225\" \/><\/p>\n<h3><strong>Tomar acci\u00f3n <\/strong><\/h3>\n<p><strong>En el marco del D\u00eda Mundial Sin Tabaco y la Acci\u00f3n Nacional de Colillas 2022, miembros de la organizaci\u00f3n Qi Argentina realizamos una jornada de recolecci\u00f3n de colillas en los bosques de Palermo.<\/strong><\/p>\n<p>Del 28 de mayo al 4 de junio organizaciones y escuelas secundarias de todo el pa\u00eds nos sumamos a la convocatoria de la Red Argentina Libre de Colillas con el objetivo de visibilizar el impacto que generan las colillas en el ambiente.<\/p>\n<p>Es importante insistir en la implementaci\u00f3n de normativas municipales, provinciales y nacionales, como por ejemplo la de Responsabilidad Extendida del Productor, para que la industria tabacalera se responsabilice de los impactos que tienen sus productos a lo largo de todo su ciclo de vida.<\/p>\n<p>Compuestas por filtros de acetato de celulosa derivado del petr\u00f3leo, nicotina, alquitr\u00e1n, cianuro, ars\u00e9nico y plomo, entre otras sustancias qu\u00edmicas altamente contaminantes; las colillas representan el 30\/ 40% de los residuos recogidos cada a\u00f1o a escala internacional, y se calcula que se desechan anualmente 4,5 trillones en todos los rincones del planeta. Los fumadores las arrojan al suelo, llegan a las alcantarillas y desembocan en r\u00edos y mares. Una colilla contamina hasta 1000 litros de agua y puede demorar 12 a\u00f1os en degradarse.<\/p>\n<p>Cuando se desintegran, se convierten en micropart\u00edculas que se esparcen en el agua, la fauna marina las ingiere como alimento provocando en muchos casos su muerte.<\/p>\n<p>Con botellas y bidones de agua vac\u00edos, guantes y muchas ganas de contribuir al cambio que necesitamos, sumamos nuestra energ\u00eda y compromiso. Los resultados: \u00a1impresionantes! Se recolectaron 200.000 colillas, evitando se contaminen 200.000.000 litros de agua.<\/p>\n<p>&nbsp;<\/p>\n<p>&nbsp;<\/p>\n<p>&nbsp;<\/p>\n<p><img decoding=\"async\" loading=\"lazy\" class=\"foto-seccion wp-image-1996 size-full alignleft\" src=\"https:\/\/qiarg.org\/magazine\/wp-content\/uploads\/2022\/07\/san-juan.jpg\" alt=\"\" width=\"300\" height=\"225\" \/><\/p>\n<h3><strong>Un espacio sustentable reemplaz\u00f3 el mayor basural de San Juan<br \/>\n<\/strong><\/h3>\n<p><strong>Donde miles de familias buscaban con qu\u00e9 sobrevivir, hoy funciona un centro educativo de referencia El Centro Ambiental Anchipurac.<\/strong><\/p>\n<p>Hasta 2009 era el mayor basural a cielo abierto de la provincia. Fue entonces que las autoridades decidieron comenzar la recuperaci\u00f3n de estas miles de hect\u00e1reas al pie del cerro Parkinson, en el desierto sanjuanino.<\/p>\n<p>Una d\u00e9cada despu\u00e9s, se inauguraba Anchipurac, un centro ambiental y educativo que exhibe muestras de ciencia y arte emplazado en un edificio de 4 mil metros cuadrados ic\u00f3nico de la arquitectura sustentable: el 60% de la energ\u00eda que utiliza es generada por una planta solar ubicada en el estacionamiento, mientras que la calefacci\u00f3n y la refrigeraci\u00f3n dependen de energ\u00eda geot\u00e9rmica.<\/p>\n<p>&nbsp;<\/p>\n<p>&nbsp;<\/p>\n<p>&nbsp;<\/p>\n<p><img decoding=\"async\" loading=\"lazy\" class=\"foto-seccion wp-image-2000 size-full alignleft\" src=\"https:\/\/qiarg.org\/magazine\/wp-content\/uploads\/2022\/07\/voces.jpg\" alt=\"\" width=\"300\" height=\"225\" \/><\/p>\n<h3><strong>Desarrollo participativo y sostenible<br \/>\n<\/strong><\/h3>\n<p><strong>Voces es un proyecto para la gobernanza inclusiva de los recursos naturales.<br \/>\n<\/strong><\/p>\n<p>Esta iniciativa se lleva adelante en Salta, Jujuy, Catamarca, Neuqu\u00e9n y R\u00edo Negro, las provincias m\u00e1s impactadas por las industrias extractivas. Con apoyo financiero de la Uni\u00f3n Europea (UE) y liderada por la Fundaci\u00f3n Directorio Legislativo (FDL), la Universidad Nacional de San Mart\u00edn (UNSAM) y la Fundaci\u00f3n Cambio Democr\u00e1tico (FCD), busca fortalecer a las comunidades y pueblos originarios como actores centrales a la hora de tomar decisiones, asegurando su representatividad, junto a actores como el gobierno y las empresas vinculadas a las industrias extractivas.<\/p>\n<p>&nbsp;<\/p>\n<p>&nbsp;<\/p>\n<p>&nbsp;<\/p>\n<p><img decoding=\"async\" loading=\"lazy\" class=\"foto-seccion wp-image-1994 size-full alignleft\" src=\"https:\/\/qiarg.org\/magazine\/wp-content\/uploads\/2022\/07\/newsan.jpg\" alt=\"\" width=\"300\" height=\"225\" \/><\/p>\n<h3><strong>El regreso de una moto insignia<br \/>\n<\/strong><\/h3>\n<p><strong>El grupo local Newsan desembarca en el mercado de motos con la marca SIAM emblema de los a\u00f1os 50 y 60.<\/strong><\/p>\n<p>Con una inversi\u00f3n inicial de u$s 2 millones, el Grupo Newsan, desembarca en el mercado de motos y el Scooter el\u00e9ctrico Siam N4 ser\u00e1 el primero que lanzar\u00e1.<\/p>\n<p>La elecci\u00f3n no es azarosa, totalmente en l\u00ednea con la la pol\u00edtica de sustentabilidad que persigue la compa\u00f1ia, es el\u00e9ctrico, no emite gases ni produce contaminaci\u00f3n sonora. La bater\u00eda es extra\u00edble y puede ser cargada dentro o fuera de la moto. El scooter cuenta, adem\u00e1s, con iluminaci\u00f3n 100% LED, tablero digital, alarma con control remoto y frenos a disco.<\/p>\n<p>&nbsp;<\/p>\n<p>&nbsp;<\/p>\n<p>&nbsp;<\/p>\n<p><img decoding=\"async\" loading=\"lazy\" class=\"foto-seccion wp-image-1993 size-full alignleft\" src=\"https:\/\/qiarg.org\/magazine\/wp-content\/uploads\/2022\/07\/genneia.jpg\" alt=\"\" width=\"300\" height=\"225\" \/><\/p>\n<h3><strong>Cumple diez a\u00f1os la empresa l\u00edder en energ\u00edas limpias en Argentina <\/strong><\/h3>\n<p><strong>Genneia se consolida como la primera generadora de energ\u00eda limpia en superar 1GW en el pa\u00eds.<\/strong><\/p>\n<p>Creada como empresa pionera en la generaci\u00f3n de energ\u00edas renovables, Genneia est\u00e1 cumpliendo diez a\u00f1os y se posiciona como la firma l\u00edder en el rubro, cubriendo el 18% del mercado total, conformado por el 24% de generaci\u00f3n de energ\u00eda e\u00f3lica y el 8% de la energ\u00eda solar instalada en Argentina.<\/p>\n<p>Siempre con el foco en el desarrollo de proyectos que aporten a la mitigaci\u00f3n del cambio clim\u00e1tico, la compa\u00f1\u00eda se aboca actualmente a la construcci\u00f3n del Proyecto Solar Fotovoltaico Sierras de Ullum, San Juan, de 80 MW de capacidad, al tiempo que se prepara para la creaci\u00f3n del Parque E\u00f3lico la Elbita, de 103,5 MW, en Tandil, con una inversi\u00f3n de 150 millones de d\u00f3lares.<\/p>\n<p>En este contexto, adem\u00e1s, Genneia acaba de adjudicarse el parque solar Tocota III en San Juan, sumando 60 MW, consolid\u00e1ndose as\u00ed como la primera generadora de energ\u00eda limpia en superar 1 GW (1100 MW) de capacidad instalada renovable.<\/p>\n<p>&nbsp;<\/p>\n<p>&nbsp;<\/p>\n<p>&nbsp;<\/p>\n<p>&nbsp;<\/p>\n<p><img decoding=\"async\" loading=\"lazy\" class=\"foto-seccion wp-image-1995 size-full alignleft\" src=\"https:\/\/qiarg.org\/magazine\/wp-content\/uploads\/2022\/07\/perfumes.jpg\" alt=\"\" width=\"300\" height=\"225\" \/><\/p>\n<h3><strong>Perfumes veganos y sostenibles<br \/>\n<\/strong><\/h3>\n<p><strong>Adolfo Dominguez presenta dos nuevas fragancias inspiradas en la nobleza de la madera de los bosques atl\u00e1nticos.<\/strong><\/p>\n<p>Con Vetiver Terra y \u00c9bano Salvia de la colecci\u00f3n Maderas, Adolfo Dom\u00ednguez -referente en sostenibilidad-, propone una vuelta a los or\u00edgenes, a perdurar m\u00e1s all\u00e1 de las modas.<\/p>\n<p>Vetiver es el arraigo, la herencia de sus ra\u00edces atl\u00e1nticas; y \u00c9bano es el refugio, la reconexi\u00f3n con lo ancestral. El mensaje es claro: hallar lo aut\u00e9ntico, lo elemental. Desechar todo lo dem\u00e1s; el resto sobra. Con ingredientes 95% de origen vegetal, frascos reciclados, reciclables y reutilizables de por vida, un dise\u00f1o eco, tap\u00f3n 100% madera, packaging con papel y cart\u00f3n FSC y pintura al agua; las fragancias de Adolfo Dominguez dejan huella en vos, no en el medioambiente.<\/p>\n<p>&nbsp;<\/p>\n<p>&nbsp;<\/p>\n<p>&nbsp;<\/p>\n<p><img decoding=\"async\" loading=\"lazy\" class=\"foto-seccion wp-image-1999 size-full alignleft\" src=\"https:\/\/qiarg.org\/magazine\/wp-content\/uploads\/2022\/07\/vlvo.jpg\" alt=\"\" width=\"300\" height=\"225\" \/><\/p>\n<h3><strong>Movilidad sustentable<br \/>\n<\/strong><\/h3>\n<p><strong>Volvo present\u00f3 dos modelos de autos h\u00edbridos e instalar\u00e1 50 cargadores el\u00e9ctricos en Argentina.<\/strong><\/p>\n<p>Con vistas a convertirse en una compa\u00f1\u00eda de veh\u00edculos 100% el\u00e9ctricos en 2030, la automotriz sueca Volvo present\u00f3 en el pa\u00eds el XC60 y el XC90, dos modelos de autos h\u00edbridos, y enchufables, con autonom\u00eda de 80 km en modalidad el\u00e9ctrica, que reducen un 50% las emisiones de gases de efecto invernadero.<\/p>\n<p>El lanzamiento se realiz\u00f3 en la ruta patag\u00f3nica de los Siete Lagos, que une Villa La Angostura con San Mart\u00edn de los Andes, a fines de mayo. Durante el evento, autoridades de la compa\u00f1\u00eda tambi\u00e9n anunciaron la instalaci\u00f3n de 50 cargadores para autos el\u00e9ctricos en distintos puntos del pa\u00eds.<\/p>\n<p>\u201cQueremos acompa\u00f1ar a Volvo en este cambio de paradigma, posicion\u00e1ndonos como l\u00edderes en el camino hacia la electrificaci\u00f3n\u201d, explic\u00f3 Emiliano Tofolo, Jefe de Marketing y Comunicaci\u00f3n de Eximar, la importadora y comercializadora de Volvo en Argentina.<\/p>\n<p>&nbsp;<\/p>\n<p>&nbsp;<\/p>\n<p>&nbsp;<\/p>\n<p><img decoding=\"async\" loading=\"lazy\" class=\"foto-seccion wp-image-1998 size-full alignleft\" src=\"https:\/\/qiarg.org\/magazine\/wp-content\/uploads\/2022\/07\/villa-31.jpg\" alt=\"\" width=\"300\" height=\"225\" \/><\/p>\n<h3><strong>Cursos de oficio en el Barrio 31<\/strong><\/h3>\n<p><strong>Veolia como parte de sus acciones con la comunidad brinda capacitaciones a los vecinos.<\/strong><\/p>\n<p>Enfocada en la gesti\u00f3n del agua, residuos y energ\u00eda, Veolia realiza tambi\u00e9n interacciones con la sociedad ofreciendo sus par\u00e1metros ambientales para el cuidado del planeta, involucrando a sus colaboradores, a sus clientes y otros grupos de inter\u00e9s.<\/p>\n<p>La \u00faltima capacitaci\u00f3n fue sobre instalaci\u00f3n y mantenimiento de equipos de aire acondicionado. Quienes participan reciben un certificado que los habilita para comenzar a trabajar en esas \u00e1reas. Adem\u00e1s, trabajan con chicos de escuelas t\u00e9cnicas secundarias para que realicen pr\u00e1cticas dentro de la empresa sumando horas de taller; y en las universidades con el Programa J\u00f3venes con Prop\u00f3sito ofreciendo pasant\u00edas para carreras de Ingenier\u00eda.<\/p>\n<p>&nbsp;<\/p>\n<p>&nbsp;<\/p>\n<p>&nbsp;<\/p>\n<p><img decoding=\"async\" loading=\"lazy\" class=\"foto-seccion wp-image-1992 size-full alignleft\" src=\"https:\/\/qiarg.org\/magazine\/wp-content\/uploads\/2022\/07\/Animales-Autoctonos.jpg\" alt=\"\" width=\"300\" height=\"225\" \/><\/p>\n<h3><strong>Entretener y educar<br \/>\n<\/strong><\/h3>\n<p>Un equipo de tres pap\u00e1s y profesionales neuquinos compuesto por Mar\u00eda Victoria Bisheimer -autora y editora- (bi\u00f3loga, Magister en conservaci\u00f3n), Gustavo Lozano (ilustrador y dise\u00f1ador gr\u00e1fico) y Dar\u00edo Podest\u00e1 (fot\u00f3grafo de vida silvestre); presentaron Animales Aut\u00f3ctonos, una serie de 8 libros de naturaleza nativa para ni\u00f1os latinoamericanos, la primera sobre biodiversidad y eco-regiones.<\/p>\n<p>&nbsp;<\/p>\n<p>&nbsp;<\/p>\n<p>&nbsp;<\/p>\n","protected":false},"excerpt":{"rendered":"<p>Tomar acci\u00f3n En el marco del D\u00eda Mundial Sin Tabaco y la Acci\u00f3n Nacional de Colillas 2022, miembros de la organizaci\u00f3n Qi Argentina realizamos una jornada de recolecci\u00f3n de colillas en los bosques de Palermo. Del 28 de mayo al 4 de junio organizaciones y escuelas secundarias de todo el pa\u00eds nos sumamos a la [&hellip;]<\/p>\n","protected":false},"author":1,"featured_media":0,"comment_status":"closed","ping_status":"closed","sticky":false,"template":"","format":"standard","meta":[],"categories":[137],"tags":[],"acf":[],"_links":{"self":[{"href":"https:\/\/qiarg.org\/magazine\/wp-json\/wp\/v2\/posts\/1991"}],"collection":[{"href":"https:\/\/qiarg.org\/magazine\/wp-json\/wp\/v2\/posts"}],"about":[{"href":"https:\/\/qiarg.org\/magazine\/wp-json\/wp\/v2\/types\/post"}],"author":[{"embeddable":true,"href":"https:\/\/qiarg.org\/magazine\/wp-json\/wp\/v2\/users\/1"}],"replies":[{"embeddable":true,"href":"https:\/\/qiarg.org\/magazine\/wp-json\/wp\/v2\/comments?post=1991"}],"version-history":[{"count":2,"href":"https:\/\/qiarg.org\/magazine\/wp-json\/wp\/v2\/posts\/1991\/revisions"}],"predecessor-version":[{"id":2002,"href":"https:\/\/qiarg.org\/magazine\/wp-json\/wp\/v2\/posts\/1991\/revisions\/2002"}],"wp:attachment":[{"href":"https:\/\/qiarg.org\/magazine\/wp-json\/wp\/v2\/media?parent=1991"}],"wp:term":[{"taxonomy":"category","embeddable":true,"href":"https:\/\/qiarg.org\/magazine\/wp-json\/wp\/v2\/categories?post=1991"},{"taxonomy":"post_tag","embeddable":true,"href":"https:\/\/qiarg.org\/magazine\/wp-json\/wp\/v2\/tags?post=1991"}],"curies":[{"name":"wp","href":"https:\/\/api.w.org\/{rel}","templated":true}]}}