{"id":1911,"date":"2022-04-08T12:20:11","date_gmt":"2022-04-08T15:20:11","guid":{"rendered":"https:\/\/qiarg.org\/magazine\/?p=1911"},"modified":"2022-04-08T13:14:30","modified_gmt":"2022-04-08T16:14:30","slug":"vistas-5","status":"publish","type":"post","link":"https:\/\/qiarg.org\/magazine\/vistas-5\/","title":{"rendered":"Vistas+"},"content":{"rendered":"<p><img decoding=\"async\" loading=\"lazy\" class=\"foto-seccion wp-image-1913 size-full alignleft\" src=\"https:\/\/qiarg.org\/magazine\/wp-content\/uploads\/2022\/04\/Aysa1.jpg\" alt=\"\" width=\"300\" height=\"225\" \/><\/p>\n<h3><strong>Aportar a un futuro sostenible <\/strong><\/h3>\n<p><strong>Agua y Saneamientos Argentinos desarroll\u00f3 durante el verano su taller \u201c1, 2, 3\u2026 \u00a1AySA!\u201d en m\u00e1s de 20 colonias de la Ciudad y la Provincia de Buenos Aires. La acci\u00f3n tuvo como principal objetivo generar conciencia sobre el valor del agua y el medioambiente.<\/strong><\/p>\n<p>Las acciones que alcanzaron a m\u00e1s de 2000 ni\u00f1as, ni\u00f1os y docentes de instituciones deportivas de CABA y GBA consistieron en generar actividades recreativas con distintas misiones acerca de los buenos y malos h\u00e1bitos cotidianos sobre el uso del agua, la contaminaci\u00f3n y diferentes recomendaciones para el uso adecuado del recurso y la preservaci\u00f3n del entorno. Como final de la actividad, los chicos y chicas escribieron una reflexi\u00f3n sobre el agua y el ambiente, que fue exhibida en cada colonia o club. De esta manera, se busc\u00f3 compartir valores que contribuyan a la utilizaci\u00f3n racional como tambi\u00e9n a la protecci\u00f3n de los recursos naturales.<\/p>\n<p>La directora de Relaciones Institucionales de AySA, Mayra Mariani, dijo: \u201cEste verano estuvimos trabajando con actividades l\u00fadicas para chicos de entre 8 y 12 a\u00f1os, en el mensaje de cuidar el agua. Si tomamos conciencia de las acciones que hacemos de manera cotidiana e inconsciente, como abrir una canilla, lavar los platos o ba\u00f1arnos, vamos a poder empezar a acortar esos tiempos. De esta manera, ayudamos a que otros puedan tener agua y ayudamos al planeta\u201d.<\/p>\n<p>Durante las altas temperaturas, y debido a los consumos excesivos y, en ocasiones, innecesarios, la demanda de agua aumenta en relaci\u00f3n a otros momentos del a\u00f1o. En esta \u00e9poca, donde el agua potable es fundamental, es tarea de todos y todas cuidarla y administrarla con responsabilidad.<\/p>\n<p>&nbsp;<\/p>\n<p>&nbsp;<\/p>\n<p>&nbsp;<\/p>\n<p><img decoding=\"async\" loading=\"lazy\" class=\"foto-seccion wp-image-1915 size-full alignleft\" src=\"https:\/\/qiarg.org\/magazine\/wp-content\/uploads\/2022\/04\/Geocycle.jpg\" alt=\"\" width=\"300\" height=\"225\" \/><\/p>\n<h3><strong>M\u00e1s clasificaci\u00f3n de residuos<br \/>\n<\/strong><\/h3>\n<p><strong>Geocycle fomenta la Econom\u00eda Circular en la ciudad de C\u00f3rdoba.<\/strong><\/p>\n<p>La nueva estaci\u00f3n en \u201cPiedra Blanca\u201d, primera a nivel nacional, contribuir\u00e1 a resolver el destino final de los residuos. Ser\u00e1 el \u00faltimo eslab\u00f3n de la cadena que separar\u00e1, indistintamente a la recolecci\u00f3n diferenciada o la separaci\u00f3n en origen de los cordobeses, lo que puede reutilizarse en un proceso industrial que reemplaza al combustible f\u00f3sil y a otras materias primas. Esta tecnolog\u00eda reducir\u00e1 los altos vol\u00famenes de enterramiento en C\u00f3rdoba, lo cual colaborar\u00e1 en un menor impacto ambiental.<\/p>\n<p>&nbsp;<\/p>\n<p>&nbsp;<\/p>\n<p>&nbsp;<\/p>\n<p><img decoding=\"async\" loading=\"lazy\" class=\"foto-seccion wp-image-1916 size-full alignleft\" src=\"https:\/\/qiarg.org\/magazine\/wp-content\/uploads\/2022\/04\/huawei.jpg\" alt=\"\" width=\"300\" height=\"225\" \/><\/p>\n<h3><strong>Carbono cero<\/strong><\/h3>\n<p><strong>Huawei present\u00f3 su estrategia de carbono cero en Argentina<\/strong><\/p>\n<p>\u201cLa descarbonizaci\u00f3n se ha convertido en una misi\u00f3n compartida en el mundo y trae consigo oportunidades de desarrollo en la generaci\u00f3n de energ\u00edas limpias, tecnolog\u00edas verdes, transporte ecol\u00f3gico y la integraci\u00f3n de la inteligencia a la energ\u00eda. Es imprescindible que la Argentina alcance carb\u00f3n cero y queremos apoyar a este pa\u00eds con nuestros productos y soluciones innovadoras\u201d, afirm\u00f3 Simon Tsui, vicepresidente de Latam Region Digital Power y CEO de Argentina Digital Power Business.<\/p>\n<p>&nbsp;<\/p>\n<p>&nbsp;<\/p>\n<p>&nbsp;<\/p>\n<p><img decoding=\"async\" loading=\"lazy\" class=\"foto-seccion wp-image-1917 size-full alignleft\" src=\"https:\/\/qiarg.org\/magazine\/wp-content\/uploads\/2022\/04\/Quilmes.jpg\" alt=\"\" width=\"300\" height=\"225\" \/><\/p>\n<h3><strong>Nuevos camiones el\u00e9ctricos<\/strong><\/h3>\n<p><strong>Quilmes inaugur\u00f3 un centro de distribuci\u00f3n urbano en Rosario con dos camiones el\u00e9ctricos para hacer entregas.<\/strong><\/p>\n<p>De la mano de A y G Log\u00edstica, Cervecer\u00eda y Malter\u00eda Quilmes inaugur\u00f3 un centro de distribuci\u00f3n urbano en Rosario, Santa Fe, e incorpor\u00f3 dos camiones el\u00e9ctricos para realizar la \u201c\u00faltima milla\u201d en sus entregas a clientes en el centro de la ciudad.<\/p>\n<p>Esta incorporaci\u00f3n permite, por un lado, reducir las emisiones de carbono y el consumo de combustibles contribuyendo al desarrollo hacia un sistema log\u00edstico sostenible y por otro, ayuda a mejorar la experiencia de los clientes y la calidad del servicio. Se trata de la primera experiencia de este tipo en la ciudad de Rosario.<\/p>\n<p>&nbsp;<\/p>\n<p>&nbsp;<\/p>\n<p>&nbsp;<\/p>\n<p><img decoding=\"async\" loading=\"lazy\" class=\"foto-seccion wp-image-1918 size-full alignleft\" src=\"https:\/\/qiarg.org\/magazine\/wp-content\/uploads\/2022\/04\/Milo01.jpg\" alt=\"\" width=\"300\" height=\"225\" \/><\/p>\n<h3><strong>Qi Argentina y Hilton Buenos Aires presentan una muestra de Milo Lockett <\/strong><\/h3>\n<p><strong>Hasta el 31 de mayo, en el ic\u00f3nico hotel de Puerto Madero, se podr\u00e1 disfrutar de la obra del reconocido artista.<\/strong><\/p>\n<p>Para conmemorar el D\u00eda Internacional del agua, que se celebr\u00f3 el 22 de marzo, Hilton Buenos Aires program\u00f3 la inauguraci\u00f3n de una muestra del reconocido artista pl\u00e1stico Milo Lockett. Organizada por Qi Argentina, la muestra cuenta con el auspicio del Gobierno de la Ciudad de Buenos Aires y la colaboraci\u00f3n de la empresa de movilidad sustentable Super Soco.<\/p>\n<p>Convencidos del poder del arte y la experiencia como agentes de cambio para lograr una verdadera transformaci\u00f3n cultural y con la premisa \u201c\u00a1Inspirate! Todos podemos ser parte de un cambio de conciencia ambiental\u201d, la acci\u00f3n se propone interpelar y generar un cambio hacia una visi\u00f3n m\u00e1s sostenible para con el planeta. El cambio clim\u00e1tico est\u00e1 en las principales agendas del mundo y la acci\u00f3n es urgente.<\/p>\n<p>La muestra se podr\u00e1 visitar hasta el 31 de mayo en el Lobby del hotel con entrada libre y gratuita.<\/p>\n<p>&nbsp;<\/p>\n<p>&nbsp;<\/p>\n<p>&nbsp;<\/p>\n<p><img decoding=\"async\" loading=\"lazy\" class=\"foto-seccion wp-image-1919 size-full alignleft\" src=\"https:\/\/qiarg.org\/magazine\/wp-content\/uploads\/2022\/04\/ypf.jpg\" alt=\"\" width=\"300\" height=\"225\" \/><\/p>\n<h3><strong>Se viene El Zonda<br \/>\n<\/strong><\/h3>\n<p>YPF Luz, la compa\u00f1\u00eda dedicada a la generaci\u00f3n de energ\u00eda el\u00e9ctrica, construir\u00e1 \u201cEl Zonda\u201d, el parque solar m\u00e1s grande del pa\u00eds. Estar\u00e1 ubicado en San Juan y tendr\u00e1 una capacidad instalada total de 300 MW equivalente al consumo de 140.000 hogares. Con una inversi\u00f3n de 90 millones de d\u00f3lares, permitir\u00e1 duplicar la cantidad de paneles solares de la provincia y seguir contribuyendo al crecimiento de generaci\u00f3n de energ\u00eda el\u00e9ctrica a partir de fuentes renovables en el pa\u00eds.<br \/>\nEl Parque generar\u00e1 energ\u00eda solar fotovoltaica, obtenida en la transformaci\u00f3n de la energ\u00eda de la radiaci\u00f3n solar en energ\u00eda el\u00e9ctrica.<\/p>\n<p>&nbsp;<\/p>\n<p>&nbsp;<\/p>\n<p>&nbsp;<\/p>\n<p><img decoding=\"async\" loading=\"lazy\" class=\"foto-seccion wp-image-1920 size-full alignleft\" src=\"https:\/\/qiarg.org\/magazine\/wp-content\/uploads\/2022\/04\/gaia.jpg\" alt=\"\" width=\"300\" height=\"225\" \/><\/p>\n<h3><strong>Concientizar sobre la crisis clim\u00e1tica <\/strong><\/h3>\n<p><strong>Qi Argentina participar\u00e1 del primer festival Eco Sustentable Gaia.<\/strong><\/p>\n<p>El evento se realizar\u00e1 en el Parque Central, Neuqu\u00e9n Capital. Bajo la consigna: Deconstruir y empoderar para un mundo m\u00e1s equitativo, justo y sostenible, Qi Argentina organizar\u00e1 una charla sobre Ecofeminismo de la que participar\u00e1n Karina L\u00f3pez, directora Institucional de la ong y Cristina Maiztegui, asesora del Senado de la Naci\u00f3n y una de las creadoras y coordinadoras de la Red de Mujeres en Di\u00e1logo Ambiental.<\/p>\n<p>&nbsp;<\/p>\n<p>&nbsp;<\/p>\n<p>&nbsp;<\/p>\n<p><img decoding=\"async\" loading=\"lazy\" class=\"foto-seccion wp-image-1921 size-full alignleft\" src=\"https:\/\/qiarg.org\/magazine\/wp-content\/uploads\/2022\/04\/VW.jpg\" alt=\"\" width=\"300\" height=\"225\" \/><\/p>\n<h3><strong>Reforestar<\/strong><\/h3>\n<p>Volkswagen Group Argentina celebr\u00f3 la \u201cgoTOzero week y, en conjunto con ReforestArg, realiz\u00f3 la plantaci\u00f3n de 1.500 \u00e1rboles nativos en Cholila, provincia de Chubut, una zona afectada por incendios forestales en 2015 y 2021. En una segunda etapa del proyecto se plantaron de 3.500 \u00e1rboles en C\u00f3rdoba.<\/p>\n<p>&nbsp;<\/p>\n<p>&nbsp;<\/p>\n<p>&nbsp;<\/p>\n<p><img decoding=\"async\" loading=\"lazy\" class=\"foto-seccion wp-image-1922 size-full alignleft\" src=\"https:\/\/qiarg.org\/magazine\/wp-content\/uploads\/2022\/04\/KEKO_Imagen.jpg\" alt=\"\" width=\"300\" height=\"225\" \/><\/p>\n<h3><strong>Movilidad sustentable<br \/>\n<\/strong><\/h3>\n<p><strong>Keko, primer carsharing del pa\u00eds en obtener la certificaci\u00f3n como empresa B.<\/strong><\/p>\n<p>La empresa que ofrece el servicio de movilidad compartida, obtuvo la certificaci\u00f3n como Empresa B con la que se distingue a organizaciones comprometidas con el triple impacto -ambiental, econ\u00f3mico y social- y que ponen el prop\u00f3sito empresarial socioambiental en el centro de su modelo de negocio.\u00a0 \u201cEsta certificaci\u00f3n nos llena de orgullo ya que es un paso m\u00e1s en el trabajo que venimos realizando apostando fuertemente por una movilidad compartida, colaborativa y sustentable\u201d, expres\u00f3 Arturo Simone, CEO de Keko.<\/p>\n<p>&nbsp;<\/p>\n<p>&nbsp;<\/p>\n<p>&nbsp;<\/p>\n","protected":false},"excerpt":{"rendered":"<p>Aportar a un futuro sostenible Agua y Saneamientos Argentinos desarroll\u00f3 durante el verano su taller \u201c1, 2, 3\u2026 \u00a1AySA!\u201d en m\u00e1s de 20 colonias de la Ciudad y la Provincia de Buenos Aires. La acci\u00f3n tuvo como principal objetivo generar conciencia sobre el valor del agua y el medioambiente. Las acciones que alcanzaron a m\u00e1s [&hellip;]<\/p>\n","protected":false},"author":1,"featured_media":0,"comment_status":"closed","ping_status":"closed","sticky":false,"template":"","format":"standard","meta":[],"categories":[134],"tags":[],"acf":[],"_links":{"self":[{"href":"https:\/\/qiarg.org\/magazine\/wp-json\/wp\/v2\/posts\/1911"}],"collection":[{"href":"https:\/\/qiarg.org\/magazine\/wp-json\/wp\/v2\/posts"}],"about":[{"href":"https:\/\/qiarg.org\/magazine\/wp-json\/wp\/v2\/types\/post"}],"author":[{"embeddable":true,"href":"https:\/\/qiarg.org\/magazine\/wp-json\/wp\/v2\/users\/1"}],"replies":[{"embeddable":true,"href":"https:\/\/qiarg.org\/magazine\/wp-json\/wp\/v2\/comments?post=1911"}],"version-history":[{"count":4,"href":"https:\/\/qiarg.org\/magazine\/wp-json\/wp\/v2\/posts\/1911\/revisions"}],"predecessor-version":[{"id":1962,"href":"https:\/\/qiarg.org\/magazine\/wp-json\/wp\/v2\/posts\/1911\/revisions\/1962"}],"wp:attachment":[{"href":"https:\/\/qiarg.org\/magazine\/wp-json\/wp\/v2\/media?parent=1911"}],"wp:term":[{"taxonomy":"category","embeddable":true,"href":"https:\/\/qiarg.org\/magazine\/wp-json\/wp\/v2\/categories?post=1911"},{"taxonomy":"post_tag","embeddable":true,"href":"https:\/\/qiarg.org\/magazine\/wp-json\/wp\/v2\/tags?post=1911"}],"curies":[{"name":"wp","href":"https:\/\/api.w.org\/{rel}","templated":true}]}}