{"id":1739,"date":"2021-12-20T15:36:09","date_gmt":"2021-12-20T18:36:09","guid":{"rendered":"https:\/\/qiarg.org\/magazine\/?p=1739"},"modified":"2021-12-20T17:41:36","modified_gmt":"2021-12-20T20:41:36","slug":"vistas-4","status":"publish","type":"post","link":"https:\/\/qiarg.org\/magazine\/vistas-4\/","title":{"rendered":"Vistas+"},"content":{"rendered":"<p><img decoding=\"async\" loading=\"lazy\" width=\"300\" height=\"225\" class=\"foto-seccion wp-image-1740 size-full alignleft\" src=\"https:\/\/qiarg.org\/magazine\/wp-content\/uploads\/2021\/12\/manos-en-la-tierra.jpg\" alt=\"\"  \/><\/p>\n<h3><strong>Con las manos en la tierra<br \/>\n<\/strong><\/h3>\n<p><strong>En el marco del D\u00eda Nacional del \u00c1rbol, miembros de las organizaciones Qi Argentina y Chicos Naturalistas realizamos una jornada de plantaci\u00f3n de \u00e1rboles y plantas nativas en un corredor de la zona de Agronom\u00eda.<\/strong><\/p>\n<p>Con la participaci\u00f3n de ni\u00f1os y no tan ni\u00f1os, plantamos especies aut\u00f3ctonas mientras la Profesora Claudia Flexer, fundadora y Directora de Chicos Naturalistas, nos explicaba la importancia que tienen para la biodiversidad, por ejemplo como alimento y atracci\u00f3n de mariposas que son una de las especies polinizadoras m\u00e1s importantes, esenciales en la producci\u00f3n de alimentos.<\/p>\n<p>Cada a\u00f1o, se queman o talan alrededor de 13 millones de hect\u00e1reas de bosques en todo el mundo. Con solo mantenerlos vivos, estos bosques nos ayudar\u00edan a mitigar el cambio clim\u00e1tico.<\/p>\n<p>Sembrar es construir vida, pero m\u00e1s importante a\u00fan es dejar de destruir los ecosistemas en los que vivimos.<\/p>\n<p>&nbsp;<\/p>\n<p>&nbsp;<\/p>\n<p><img decoding=\"async\" loading=\"lazy\" width=\"300\" height=\"225\" class=\"foto-seccion wp-image-1741 size-full alignleft\" src=\"https:\/\/qiarg.org\/magazine\/wp-content\/uploads\/2021\/12\/seguimos-plantando.jpg\" alt=\"\" \/><\/p>\n<h3><strong>Y seguimos plantando<\/strong><\/h3>\n<p>Conscientes de que en el Area Metropolitana Buenos Aires estamos muy lejos de los 12 metros cuadrados por persona de espacio verde que recomienda la Organizaci\u00f3n Mundial de la Salud, desde Qi Argentina realizamos una nueva jornada de plantaci\u00f3n de \u00e1rboles.<\/p>\n<p>En esta ocasi\u00f3n, se trat\u00f3 de 30 ejemplares de Jacarand\u00e1 -especie aut\u00f3ctona- donados por el Club de Leones Vicente L\u00f3pez Siglo XXI, que servir\u00e1n para sumar arbolado urbano y mejorar la calidad de vida de los habitantes de la zona.<\/p>\n<p>&nbsp;<\/p>\n<p>&nbsp;<\/p>\n<p><img decoding=\"async\" loading=\"lazy\" width=\"300\" height=\"225\" class=\"foto-seccion wp-image-1743 size-full alignleft\" src=\"https:\/\/qiarg.org\/magazine\/wp-content\/uploads\/2021\/12\/directv.jpg\" alt=\"\" \/><\/p>\n<h3><strong>Nueva aula escuela sustentable<\/strong><\/h3>\n<p><strong>Se inaugur\u00f3 en Concordia y ser\u00e1 para la formaci\u00f3n agroecol\u00f3gica.<br \/>\n<\/strong><\/p>\n<p>Se trata de un aula invernadero de 43 m2 cubiertos y 36m2 para galer\u00edas. Cuenta con dispositivos educativos alrededor de la producci\u00f3n de alimentos, la reutilizaci\u00f3n de agua, energ\u00edas renovables, utilizaci\u00f3n de materiales naturales y gesti\u00f3n de residuos. Ser\u00e1 habitado por los estudiantes de la Escuela de Formaci\u00f3n Agroecol\u00f3gica de la organizaci\u00f3n de la Asociaci\u00f3n Civil Luz del Ibir\u00e1. La iniciativa se realiza como parte del programa de Responsabilidad Social de DIRECTV, Escuela Plus, junto a la organizaci\u00f3n social TAGMA, que es una organizaci\u00f3n de origen uruguayo sin fines de lucro.<\/p>\n<p>&nbsp;<\/p>\n<p>&nbsp;<\/p>\n<p><img decoding=\"async\" loading=\"lazy\" width=\"300\" height=\"225\" class=\"foto-seccion wp-image-1745 size-full alignleft\" src=\"https:\/\/qiarg.org\/magazine\/wp-content\/uploads\/2021\/12\/cereales.jpg\" alt=\"\"\/><\/p>\n<h3><strong>Cereales org\u00e1nicos para chicos y chicas<\/strong><\/h3>\n<p>En Argentina 1 de cada 3 menores tiene sobrepeso al empezar la primaria. Atentos a esto se present\u00f3 zafranito, los primeros cereales org\u00e1nicos sin T.A.C.C. Se presentan con tres recetas: sabor canela (sin az\u00facar), sabor chocolate y sabor miel (bajos en az\u00facar).<\/p>\n<p>Todos a base de harina de garbanzo y de arroz yaman\u00ed integral y con el prop\u00f3sito de combatir la obesidad infantil promoviendo h\u00e1bitos honestos a trav\u00e9s de alimentos nutritivos.<\/p>\n<p>&nbsp;<\/p>\n<p>&nbsp;<\/p>\n<p><img decoding=\"async\" loading=\"lazy\" width=\"300\" height=\"225\" class=\"foto-seccion wp-image-1746 size-full alignleft\" src=\"https:\/\/qiarg.org\/magazine\/wp-content\/uploads\/2021\/12\/bbva.jpg\" alt=\"\" \/><\/p>\n<h3><strong>Modalidad sostenible<br \/>\n<\/strong><\/h3>\n<p>La estrategia del BBVA para ir hacia un mundo sostenible centrado en las personas y en el medioambiente.<\/p>\n<p>BBVA en Argentina dise\u00f1\u00f3 una campa\u00f1a institucional bajo el concepto creativo de Modalidad Sostenible, que est\u00e1 dirigida a clientes, empleados, accionistas y la comunidad en general. \u201cEstar o no estar. Comprometerse o no comprometerse. Estar en modo on y no off. Es tomar una postura ante el universo, el planeta y las personas. Y BBVA es una empresa en continuo movimiento que siempre est\u00e1 on, comprometida e involucrada\u201d, dicen desde la entidad financiera.<\/p>\n<p>&nbsp;<\/p>\n<p>&nbsp;<\/p>\n<p><img decoding=\"async\" loading=\"lazy\" width=\"300\" height=\"225\" class=\"foto-seccion wp-image-1748 size-full alignleft\" src=\"https:\/\/qiarg.org\/magazine\/wp-content\/uploads\/2021\/12\/samsung.jpg\" alt=\"\"  \/><\/p>\n<h3><strong>Estudiantes y el monitoreo de la calidad del aire<\/strong><\/h3>\n<p><strong>Idearon un dispositivo econ\u00f3mico que puede medir la concentraci\u00f3n de di\u00f3xido de carbono, la temperatura y la humedad en el ambiente.<\/strong><\/p>\n<p>A ra\u00edz de las necesidades de ventilaci\u00f3n en las escuelas que surgieron por la pandemia del COVID-19, estudiantes secundarios del Instituto Dr. Alfonso Esp\u00ednola de San Jos\u00e9, Uruguay, pensaron el dispositivo y resultaron ganadores en el programa educativo de Samsung, Soluciones para el Futuro, que invita a estudiantes de escuelas secundarias p\u00fablicas de Argentina, Uruguay y Paraguay a presentar su proyecto para resolver un problema presente en su comunidad..<\/p>\n<p>&nbsp;<\/p>\n<p>&nbsp;<\/p>\n<p><img decoding=\"async\" loading=\"lazy\" width=\"300\" height=\"225\" class=\"foto-seccion wp-image-1749 size-full alignleft\" src=\"https:\/\/qiarg.org\/magazine\/wp-content\/uploads\/2021\/12\/genneia.jpg\" alt=\"\"  \/><\/p>\n<h3><strong>Energ\u00eda y sustentabilidad<br \/>\n<\/strong><\/h3>\n<p><strong>Genneia present\u00f3 su primer reporte de sustentabilidad. Se trata de un documento que refleja el compromiso de la compa\u00f1\u00eda para contribuir con el desarrollo social, ambiental y econ\u00f3mico.<\/strong><\/p>\n<p>Genneia, que posee el 25% de la capacidad instalada de energ\u00eda e\u00f3lica del pa\u00eds, anunci\u00f3 el lanzamiento de su primer Reporte de Sustentabilidad. El documento, alineado a los Est\u00e1ndares del Global Reporting Initiative (GRI), materializa el trabajo realizado durante el 2020 a trav\u00e9s de su gesti\u00f3n de triple impacto y destaca principalmente la evoluci\u00f3n de la matriz energ\u00e9tica que ha tenido la compa\u00f1\u00eda expandiendo su segmento renovable hasta representar hoy el 86% de la generaci\u00f3n total en Argentina.<\/p>\n<p>&nbsp;<\/p>\n<p>&nbsp;<\/p>\n<p><img decoding=\"async\" loading=\"lazy\" width=\"300\" height=\"225\" class=\"foto-seccion wp-image-1751 size-full alignleft\" src=\"https:\/\/qiarg.org\/magazine\/wp-content\/uploads\/2021\/12\/mutan.jpg\" alt=\"\"  \/><\/p>\n<h3><strong>Proyecto Mutan\/ Dise\u00f1o consciente<\/strong><\/h3>\n<p>Se trata de un equipo de dise\u00f1adores y activistas ambientales que a partir de pl\u00e1sticos reciclados y trabajando en colaboraci\u00f3n con distintas ONGs, crean productos de dise\u00f1o entre los cuales ofrecen: lentes de sol y de receta, l\u00e1mparas, macetas, composteras, cestos, mesas y bancos entre otros.<br \/>\nEl \u00faltimo a\u00f1o reciclaron m\u00e1s de 2500 Kg de pl\u00e1sticos post consumo.<\/p>\n<p>&nbsp;<\/p>\n<p>&nbsp;<\/p>\n<p><img decoding=\"async\" loading=\"lazy\" width=\"300\" height=\"225\" class=\"foto-seccion wp-image-1752 size-full alignleft\" src=\"https:\/\/qiarg.org\/magazine\/wp-content\/uploads\/2021\/12\/zero-market.jpg\" alt=\"\"  \/><\/p>\n<h3><strong>Un supermercado sin envases<br \/>\n<\/strong><\/h3>\n<p><strong>Cero Market, el primer supermercado sin envases del pa\u00eds presenta un concepto novedoso de compras conscientes.<\/strong><\/p>\n<p>La propuesta consiste en que los consumidores lleguen a los locales con su propio envase, lo pesen, lo carguen con el producto que quieran y luego lo vuelvan a pesar, descont\u00e1ndose el peso del envase aportado. Por supuesto que, para quienes no cuenten inicialmente con sus propios envases, los hay a la venta en los locales. Productos de despensa, bazar, alimentos, higiene, limpieza, alimentos para mascotas e incluso \u2013en algunas tiendas\u2013 hasta frescos, para que los consumidores responsables puedan realizar todas sus compras con una nueva filosof\u00eda: sin envases, sin cantidades m\u00ednimas, promoviendo la producci\u00f3n local y el comercio justo, sin intermediarios.<\/p>\n<p>&nbsp;<\/p>\n<p>&nbsp;<\/p>\n<p><img decoding=\"async\" loading=\"lazy\" width=\"300\" height=\"225\" class=\"foto-seccion wp-image-1753 size-full alignleft\" src=\"https:\/\/qiarg.org\/magazine\/wp-content\/uploads\/2021\/12\/parque-eolico.jpg\" alt=\"\"  \/><\/p>\n<h3><strong>Nuevo parque e\u00f3lico<br \/>\n<\/strong><\/h3>\n<p><strong>Ubicado en Achiras, C\u00f3rdoba, lo inaugur\u00f3 Cervecer\u00eda y Malter\u00eda Quilmes.<br \/>\n<\/strong><\/p>\n<p>CCU anunci\u00f3 que redobla su compromiso con la sustentabilidad ambiental y suma as\u00ed nuevas iniciativas a su plan de \u201cMetas Ambientales 2030\u201d. Seg\u00fan explicaron desde la empresa, los nuevos objetivos sostenibles, que forman parte del ambicioso plan de 30 metas anunciado en 2020, buscan reducir los gases de efecto invernadero, por lo que incrementar\u00e1n su matriz de energ\u00edas el\u00e9ctricas renovables en un modelo de econom\u00eda circular, \u201creducir el consumo de recursos y promover la cultura de reducci\u00f3n, reutilizaci\u00f3n y reciclaje en sus envases y embalajes en un 100%\u201d.<\/p>\n<p>&nbsp;<\/p>\n<p>&nbsp;<\/p>\n<p><img decoding=\"async\" loading=\"lazy\" width=\"300\" height=\"225\" class=\"foto-seccion wp-image-1754 size-full alignleft\" src=\"https:\/\/qiarg.org\/magazine\/wp-content\/uploads\/2021\/12\/visa.jpg\" alt=\"\"  \/><\/p>\n<h3><strong>Beneficios ecol\u00f3gicos<\/strong><\/h3>\n<p><strong>Se rellenan con pl\u00e1sticos de un solo uso y buscan disminuir el volumen de residuos domiciliario.<\/strong><\/p>\n<p>Visa compa\u00f1\u00eda l\u00edder mundial en tecnolog\u00eda de pagos, anunci\u00f3 el lanzamiento de Beneficios Ecol\u00f3gicos de Visa, un nuevo paquete de beneficios centrado en la sustentabilidad para emisores de cuentas dise\u00f1ado con el fin de permitir y alentar a sus tarjetahabientes a adoptar comportamientos de consumo sustentables.<\/p>\n<p>&nbsp;<\/p>\n<p>&nbsp;<\/p>\n<p><img decoding=\"async\" loading=\"lazy\" width=\"300\" height=\"225\" class=\"foto-seccion wp-image-1755 size-full alignleft\" src=\"https:\/\/qiarg.org\/magazine\/wp-content\/uploads\/2021\/12\/ucema.jpg\" alt=\"\"  \/><\/p>\n<h3><strong>Premio de UCEMA<br \/>\n<\/strong><\/h3>\n<p>En busca de reconocer e inspirar a otros a crear impacto real a trav\u00e9s de los que hacen, la Universidad del CEMA present\u00f3 a los galardonados del premio Impacto Digital Sostenible. Se trata de P\u00eda Torres, Founder &amp; Executive Director de Roboteam, en la categor\u00eda Organizaciones, y de Santiago Guglielmetti, CoFounder de Winim, en la categor\u00eda Empresas.<\/p>\n<p>&nbsp;<\/p>\n","protected":false},"excerpt":{"rendered":"<p>Con las manos en la tierra En el marco del D\u00eda Nacional del \u00c1rbol, miembros de las organizaciones Qi Argentina y Chicos Naturalistas realizamos una jornada de plantaci\u00f3n de \u00e1rboles y plantas nativas en un corredor de la zona de Agronom\u00eda. Con la participaci\u00f3n de ni\u00f1os y no tan ni\u00f1os, plantamos especies aut\u00f3ctonas mientras la [&hellip;]<\/p>\n","protected":false},"author":1,"featured_media":0,"comment_status":"closed","ping_status":"closed","sticky":false,"template":"","format":"standard","meta":[],"categories":[133],"tags":[],"acf":[],"_links":{"self":[{"href":"https:\/\/qiarg.org\/magazine\/wp-json\/wp\/v2\/posts\/1739"}],"collection":[{"href":"https:\/\/qiarg.org\/magazine\/wp-json\/wp\/v2\/posts"}],"about":[{"href":"https:\/\/qiarg.org\/magazine\/wp-json\/wp\/v2\/types\/post"}],"author":[{"embeddable":true,"href":"https:\/\/qiarg.org\/magazine\/wp-json\/wp\/v2\/users\/1"}],"replies":[{"embeddable":true,"href":"https:\/\/qiarg.org\/magazine\/wp-json\/wp\/v2\/comments?post=1739"}],"version-history":[{"count":13,"href":"https:\/\/qiarg.org\/magazine\/wp-json\/wp\/v2\/posts\/1739\/revisions"}],"predecessor-version":[{"id":1837,"href":"https:\/\/qiarg.org\/magazine\/wp-json\/wp\/v2\/posts\/1739\/revisions\/1837"}],"wp:attachment":[{"href":"https:\/\/qiarg.org\/magazine\/wp-json\/wp\/v2\/media?parent=1739"}],"wp:term":[{"taxonomy":"category","embeddable":true,"href":"https:\/\/qiarg.org\/magazine\/wp-json\/wp\/v2\/categories?post=1739"},{"taxonomy":"post_tag","embeddable":true,"href":"https:\/\/qiarg.org\/magazine\/wp-json\/wp\/v2\/tags?post=1739"}],"curies":[{"name":"wp","href":"https:\/\/api.w.org\/{rel}","templated":true}]}}