{"id":1664,"date":"2021-07-08T00:51:08","date_gmt":"2021-07-08T03:51:08","guid":{"rendered":"https:\/\/qiarg.org\/magazine\/?p=1664"},"modified":"2021-07-08T01:08:54","modified_gmt":"2021-07-08T04:08:54","slug":"es-posible-el-desarrollismo-ambientalista","status":"publish","type":"post","link":"https:\/\/qiarg.org\/magazine\/es-posible-el-desarrollismo-ambientalista\/","title":{"rendered":"\u00bfEs posible  el desarrollismo  ambientalista?"},"content":{"rendered":"<p><span class=\"dropcap \" style=\"background-color: #ffffff; color: #000000; border-color: #ffffff;\">H<\/span>ay dos datos de la Argentina que nadie discute: que tiene una cantidad intolerable de pobres \u201442%, seg\u00fan los \u00faltimos registros oficiales\u2014 y que es un pa\u00eds rico en recursos naturales. Nadie discute, tampoco, que la utilizaci\u00f3n de la riqueza natural ofrece una salida al drama de la pobreza, sin embargo, la forma en la que deber\u00edan relacionarse una cosa y la otra abre un debate r\u00edspido, que eventos recientes como la resistencia popular a explotaciones mineras en Chubut y Catamarca pusieron nuevamente sobre la mesa. Mientras que para algunos la discusi\u00f3n entre ambiente y desarrollo esconde un falso dilema, otros lo consideran central para el futuro del pa\u00eds. \u00bfEs posible explotar a gran escala los recursos naturales y al mismo tiempo no acrecentar la crisis ambiental? \u00bfEs posible un desarrollismo ambientalista en la Argentina?<\/p>\n<p>\u201cYo no veo ninguna opci\u00f3n que no sea que eso exista. En la Argentina no nos podemos dar el lujo de sacrificar ninguna de las dos cosas\u201d, opina Andr\u00e9s L\u00f3pez, economista especializado en temas de desarrollo y director del Instituto Interdisciplinario de Econom\u00eda Pol\u00edtica (IIEP). \u201cLa Argentina no puede, como s\u00ed pueden hacerlo pa\u00edses del mundo desarrollado, preocuparse por no crecer.<\/p>\n<p>Todav\u00eda tenemos mucho por avanzar hacia la frontera mundial de ingresos, elevar el nivel de vida de la poblaci\u00f3n y resolver problemas de larga data que afectan sobre todo a los m\u00e1s vulnerables\u201d, dice L\u00f3pez. Sin embargo, cree que no es una discusi\u00f3n que pueda darse \u201cen general\u201d sino analizando caso por caso: por sector, por producto, por regi\u00f3n, por comunidad. \u00bfMiner\u00eda d\u00f3nde? \u00bfde qu\u00e9 manera? \u00bfcon qu\u00e9 objetivo?<br \/>\nPor otro lado, hay voces que consideran que las actividades extractivas no llevan necesariamente al desarrollo econ\u00f3mico ni a la mejora de la calidad de vida de la poblaci\u00f3n. \u201cCreo que es fundamental subrayar que en Argentina no hay tensi\u00f3n entre ambiente y desarrollo. No es que Argentina no es un pa\u00eds \u2018desarrollado\u2019 porque tiene limitaciones ambientales\u201d, opina el abogado ambientalista Enrique Viale. \u201cEl agronegocio, el fracking en Vaca Muerta y la megaminer\u00eda, todas se llevan a cabo en nuestro pa\u00eds casi sin l\u00edmites ambientales. Con eso tenemos a m\u00e1s de la mitad de los pibes bajo el nivel de pobreza. Es la historia de Am\u00e9rica Latina desde la conquista, donde los mapas de la pobreza coinciden con los de la degradaci\u00f3n ambiental y el saqueo\u201d, argumenta.<\/p>\n<blockquote class=\"pullquote align-center\"><p>Nadie discute que la utilizaci\u00f3n de la riqueza natural ofrece una salida al drama de la pobreza, sin embargo, la forma en la que deber\u00edan relacionarse una cosa y la otra abre un debate r\u00edspido, que eventos recientes como la resistencia popular a explotaciones mineras pusieron nuevamente sobre la mesa.<\/p><\/blockquote>\n<p>Mauro Fern\u00e1ndez, investigador y consultor independiente en temas de clima y energ\u00eda, coincide con la visi\u00f3n de Viale y considera que no se trata de ambientalismo versus desarrollismo, sino de socioambientalismo versus neocolonialismo. Seg\u00fan dice, avanzar en la discusi\u00f3n implicar\u00eda una discusi\u00f3n \u201chonesta\u201d, que ponga sobre la mesa la distribuci\u00f3n de la riqueza generada (hasta ahora, concentrada en los pa\u00edses del norte), la atenci\u00f3n de los derechos sociales b\u00e1sicos y los l\u00edmites ambientales al desarrollo de pol\u00edticas industriales verdes. \u201cProfundizar el modelo extractivista s\u00f3lo aumentar\u00e1 nuestra responsabilidad y los costos a afrontar en el colapso, y nos dejar\u00e1 nuevamente a la retaguardia de un proceso de reconversi\u00f3n industrial global hacia otros modelos de alimentaci\u00f3n y generaci\u00f3n energ\u00e9tica\u201d, sostiene.<\/p>\n<p>Para Elisabeth Mohle, licenciada en Ciencias Ambientales y mag\u00edster en Pol\u00edticas P\u00fablicas, el ambientalismo est\u00e1 marcado por su construcci\u00f3n en oposici\u00f3n a actores muy poderosos, como las petroleras, que lo obliga a hablar fuerte para lograr imponer la urgencia de sus demandas y a ser poco conciliador. \u201cSi bien queda mucho todav\u00eda por convencer y batallar, me parece que ya estamos en un momento en el que hay que dar el paso de la propuesta concreta, positiva y realista en este pa\u00eds y en el mundo. Hay actores con los que vas a tener que intentar conciliar o vas a ser siempre un movimiento m\u00e1s marginal, que no va a poder hacerse cargo de los lugares de decisi\u00f3n\u201d, apunta.<\/p>\n<figure id=\"attachment_1666\" aria-describedby=\"caption-attachment-1666\" style=\"width: 1600px\" class=\"wp-caption alignnone\"><img decoding=\"async\" loading=\"lazy\" class=\"size-full wp-image-1666\" src=\"https:\/\/qiarg.org\/magazine\/wp-content\/uploads\/2021\/07\/chanchos.jpg\" alt=\"\" width=\"1600\" height=\"900\" srcset=\"https:\/\/qiarg.org\/magazine\/wp-content\/uploads\/2021\/07\/chanchos.jpg 1600w, https:\/\/qiarg.org\/magazine\/wp-content\/uploads\/2021\/07\/chanchos-300x169.jpg 300w, https:\/\/qiarg.org\/magazine\/wp-content\/uploads\/2021\/07\/chanchos-1024x576.jpg 1024w, https:\/\/qiarg.org\/magazine\/wp-content\/uploads\/2021\/07\/chanchos-768x432.jpg 768w, https:\/\/qiarg.org\/magazine\/wp-content\/uploads\/2021\/07\/chanchos-1536x864.jpg 1536w, https:\/\/qiarg.org\/magazine\/wp-content\/uploads\/2021\/07\/chanchos-750x422.jpg 750w, https:\/\/qiarg.org\/magazine\/wp-content\/uploads\/2021\/07\/chanchos-1140x641.jpg 1140w\" sizes=\"(max-width: 1600px) 100vw, 1600px\" \/><figcaption id=\"caption-attachment-1666\" class=\"wp-caption-text\">El posible acuerdo para instalar granjas industriales de carne porcina reaviv\u00f3 el debate.<\/figcaption><\/figure>\n<p>Si bien considera que cada discusi\u00f3n debe ponerse en su contexto y que no es lo mismo opinar desde Buenos Aires que desde aquellos lugares en que, por ejemplo, se podr\u00eda en marcha una explotaci\u00f3n minera, Mohle se\u00f1ala que tampoco se pueden considerar como v\u00e1lida solo a esas posturas. \u201cUna pol\u00edtica nacional no puede representar solo a un grupo, tiene que condensar todas las problem\u00e1ticas de un pa\u00eds\u201d, resume.<\/p>\n<p>En el Estado el debate no solo est\u00e1 planteado, sino que lo considera urgente. \u201cNecesitamos crecer apalancados en la inversi\u00f3n que constituya plataformas exportadoras y de empleo, al tiempo que el cambio clim\u00e1tico y el deterioro del ambiente son una amenaza para el planeta y, l\u00f3gicamente, el bienestar de las personas\u201d, dice Leandro Mora Alfons\u00edn, director de Desarrollo Regional y Sectorial del Ministerio de Producci\u00f3n de la Naci\u00f3n.<\/p>\n<p>El funcionario se\u00f1ala que se trata de una discusi\u00f3n global, que sin embargo cada pa\u00eds debe resolver de acuerdo a sus propias posibilidades y necesidades. \u201cTenemos que pensar c\u00f3mo vamos a abordarla; si par\u00e1ndonos en posiciones extremas o bien buscando el punto de equilibrio donde nos cuestionemos c\u00f3mo producimos, con qu\u00e9 tecnolog\u00eda, con qu\u00e9 controles, normas de calidad y procesos de aprendizaje\u201d.<\/p>\n<p>Seg\u00fan considera, la Argentina tiene el potencial para incidir en mercados de alto potencial internacional y en la fabricaci\u00f3n de productos que son cr\u00edticos para otras cadenas de valor, como la miner\u00eda metal\u00edfera. \u201cLas claves para conciliar el aprovechamiento de este potencial es la inclusi\u00f3n de tecnolog\u00edas de frontera que cumplan los requerimientos y est\u00e1ndares de calidad y cuidado internacionales, fortalecer capacidades estatales para eficientizar el control y los mecanismos sancionatorios en caso de incumplimientos y profundizar los mecanismos y pr\u00e1cticas de econom\u00eda circular all\u00ed donde haya brechas que zanjar\u201d, apunta.<\/p>\n<p>Para Mora Alfons\u00edn, decir que esta es una mirada neocolonialista no se condice con lo que se observa en las experiencias internacionales de pa\u00edses desarrollados que aprovechan su capital natural. \u201cPa\u00edses como Canad\u00e1 o Noruega basan su matriz productiva en el aprovechamiento de sus recursos naturales y exhiben alt\u00edsimos niveles de desarrollo\u201d, se\u00f1ala.<\/p>\n<p>El funcionario menciona a la actividad foresto-industrial como un ejemplo de conciliaci\u00f3n entre el potencial productivo y el cuidado del ambiente. Seg\u00fan explica, la existencia de una demanda de madera crea incentivos para forestar m\u00e1s. A su vez, fortalecer esa demanda intensifica el aprovechamiento integral del recurso natural, generando menos residuos. Por otro lado, el consumo de madera en sus distintas formas promueve la generaci\u00f3n de ox\u00edgeno a trav\u00e9s de la forestaci\u00f3n, como as\u00ed tambi\u00e9n la absorci\u00f3n de CO2.<\/p>\n<p>Para Maximiliano Scarlan, economista de ABECEB, la Argentina est\u00e1 un paso atr\u00e1s de la discusi\u00f3n de los pa\u00edses desarrollados, sumida en los problemas de la coyuntura. Sin embargo, considera clave impulsar la b\u00fasqueda de equilibrio entre desarrollismo y ambientalismo, por tres motivos. Uno, por obligaci\u00f3n: \u201cel escenario global actual y futuro (m\u00e1s post-pandemia) obliga a todos los pa\u00edses a redefinir su norte estrat\u00e9gico y adaptar su matriz productiva y de servicios a una nueva l\u00f3gica y din\u00e1mica de actividades\u201d. Dos, por necesidad: \u201cLas condiciones coyunturales obligan a buscar modelos alternativos aprovechando ventajas comparativas est\u00e1ticas y promoviendo ventajas comparativas din\u00e1micas, con el fin de reencauzar al pa\u00eds en la senda del crecimiento\u201d. Tres, por disponibilidad de recursos: \u201cTenemos con qu\u00e9 hacerlo\u201d, dice.<\/p>\n<p>&nbsp;<\/p>\n<p>[vc_row][vc_column width=\u00bb1\/5&#8243;][vc_column_text]<\/p>\n<div><img decoding=\"async\" loading=\"lazy\" class=\"alignnone size-full wp-image-1669\" src=\"https:\/\/qiarg.org\/magazine\/wp-content\/uploads\/2021\/07\/andres-lopez.jpg\" alt=\"\" width=\"300\" height=\"225\" \/><\/div>\n<p>[\/vc_column_text][\/vc_column][vc_column width=\u00bb4\/5&#8243;][vc_column_text]<\/p>\n<p><strong>Andr\u00e9s L\u00f3pez<\/strong><\/p>\n<p>\u201cLa Argentina no puede, como s\u00ed pueden hacerlo pa\u00edses del mundo desarrollado, preocuparse por no crecer. Todav\u00eda tenemos un nivel de pobreza tremendo y mucho por avanzar hacia la frontera mundial de ingresos, elevar el nivel de vida de la poblaci\u00f3n y resolver problemas de larga data que afectan sobre todo a los m\u00e1s vulnerables, pero tambi\u00e9n al grueso de la sociedad. Venimos de una larga decadencia\u201d.<\/p>\n<p>[\/vc_column_text][\/vc_column][\/vc_row]<\/p>\n<p>[vc_row][vc_column width=\u00bb1\/5&#8243;][vc_column_text]<\/p>\n<div><img decoding=\"async\" loading=\"lazy\" class=\"alignnone wp-image-1672 size-full\" src=\"https:\/\/qiarg.org\/magazine\/wp-content\/uploads\/2021\/07\/leandro-alfonsin.jpg\" alt=\"\" width=\"300\" height=\"225\" \/><\/div>\n<p>[\/vc_column_text][\/vc_column][vc_column width=\u00bb4\/5&#8243;][vc_column_text]<\/p>\n<p><strong>Leandro Mora Alfons\u00edn<\/strong><\/p>\n<p>\u201cLas claves para conciliar ambas cosas es la inclusi\u00f3n de tecnolog\u00edas de frontera que cumplan los requerimientos y est\u00e1ndares de calidad y cuidado internacionales, fortalecer capacidades estatales para eficientizar el control y los mecanismos sancionatorios en caso de incumplimientos y profundizar los mecanismos y pr\u00e1cticas de econom\u00eda circular all\u00ed donde haya brechas que zanjar\u201d.<\/p>\n<p>[\/vc_column_text][\/vc_column][\/vc_row]<\/p>\n<p>[vc_row][vc_column width=\u00bb1\/5&#8243;][vc_column_text]<\/p>\n<div><img decoding=\"async\" loading=\"lazy\" class=\"alignnone wp-image-1673 size-full\" src=\"https:\/\/qiarg.org\/magazine\/wp-content\/uploads\/2021\/07\/enrique-viale.jpg\" alt=\"\" width=\"300\" height=\"225\" \/><\/div>\n<p>[\/vc_column_text][\/vc_column][vc_column width=\u00bb4\/5&#8243;][vc_column_text]<\/p>\n<p><strong>Enrique Viale<\/strong><\/p>\n<p>\u201cEl agronegocio, el fracking en Vaca Muerta y la megaminer\u00eda, todas se llevan a cabo en nuestro pa\u00eds casi sin l\u00edmites ambientales. Con eso tenemos a m\u00e1s de la mitad de los pibes bajo el nivel de pobreza. Es la historia de Am\u00e9rica Latina desde la conquista, donde los mapas de la pobreza coinciden con los de la degradaci\u00f3n ambiental y el saqueo\u201d.<\/p>\n<p>[\/vc_column_text][\/vc_column][\/vc_row]<\/p>\n<p>[vc_row][vc_column width=\u00bb1\/5&#8243;][vc_column_text]<\/p>\n<div><img decoding=\"async\" loading=\"lazy\" class=\"alignnone wp-image-1674 size-full\" src=\"https:\/\/qiarg.org\/magazine\/wp-content\/uploads\/2021\/07\/maximiliano-scarlan.jpg\" alt=\"\" width=\"300\" height=\"225\" \/><\/div>\n<p>[\/vc_column_text][\/vc_column][vc_column width=\u00bb4\/5&#8243;][vc_column_text]<\/p>\n<p><strong>Maximiliano Scarlan<\/strong><\/p>\n<p>\u201cArgentina est\u00e1 un paso atr\u00e1s en la discusi\u00f3n, sumida en los problemas de la coyuntura, pero es clave impulsar la b\u00fasqueda de equilibrio entre desarrollismo y ambientalismo, por m\u00faltiples causas. Una por obligaci\u00f3n: el escenario global obliga a todos los pa\u00edses a redefinir su norte estrat\u00e9gico y adaptar su matriz productiva y de servicios a una nueva l\u00f3gica y din\u00e1mica de actividades\u201d.<\/p>\n<p>[\/vc_column_text][\/vc_column][\/vc_row]<\/p>\n<p>[vc_row][vc_column width=\u00bb1\/5&#8243;][vc_column_text]<\/p>\n<div><img decoding=\"async\" loading=\"lazy\" class=\"alignnone wp-image-1675 size-full\" src=\"https:\/\/qiarg.org\/magazine\/wp-content\/uploads\/2021\/07\/elisabeth-mohle.jpg\" alt=\"\" width=\"300\" height=\"225\" \/><\/div>\n<p>[\/vc_column_text][\/vc_column][vc_column width=\u00bb4\/5&#8243;][vc_column_text]<\/p>\n<p><strong>Elisabeth Mohle<\/strong><\/p>\n<p>\u201cSi bien queda mucho todav\u00eda por convencer y batallar, me parece que ya estamos en un momento en el que el ambientalismo tiene que dar el paso de la propuesta concreta, positiva y realista en este pa\u00eds y en el mundo. Hay actores con los que vas a tener que intentar conciliar o vas a ser siempre un movimiento m\u00e1s marginal, que no va a poder hacerse cargo de los lugares de decisi\u00f3n\u201d.<\/p>\n<p>[\/vc_column_text][\/vc_column][\/vc_row]<\/p>\n<p>[vc_row][vc_column width=\u00bb1\/5&#8243;][vc_column_text]<\/p>\n<div><img decoding=\"async\" loading=\"lazy\" class=\"alignnone wp-image-1676 size-full\" src=\"https:\/\/qiarg.org\/magazine\/wp-content\/uploads\/2021\/07\/mauro-fernandez.jpg\" alt=\"\" width=\"300\" height=\"225\" \/><\/div>\n<p>[\/vc_column_text][\/vc_column][vc_column width=\u00bb4\/5&#8243;][vc_column_text]<\/p>\n<p><strong>Mauro Fern\u00e1ndez<\/strong><\/p>\n<p>\u201cProfundizar el modelo extractivista s\u00f3lo aumentar\u00e1 nuestra responsabilidad y los costos a afrontar en el colapso, y nos dejar\u00e1 nuevamente a la retaguardia de un proceso de reconversi\u00f3n industrial global hacia otros modelos de alimentaci\u00f3n y generaci\u00f3n energ\u00e9tica. Avanzar en la discusi\u00f3n implicar\u00eda una discusi\u00f3n honesta, que ponga sobre la mesa la distribuci\u00f3n de la riqueza generada\u201d.<\/p>\n<p>&nbsp;<\/p>\n<p>[\/vc_column_text][\/vc_column][\/vc_row]<\/p>\n<p>&nbsp;<\/p>\n<h6><\/h6>\n<p>&nbsp;<\/p>\n","protected":false},"excerpt":{"rendered":"<p>Hay dos datos de la Argentina que nadie discute: que tiene una cantidad intolerable de pobres \u201442%, seg\u00fan los \u00faltimos registros oficiales\u2014 y que es un pa\u00eds rico en recursos naturales. Nadie discute, tampoco, que la utilizaci\u00f3n de la riqueza natural ofrece una salida al drama de la pobreza, sin embargo, la forma en la [&hellip;]<\/p>\n","protected":false},"author":1,"featured_media":1665,"comment_status":"closed","ping_status":"closed","sticky":false,"template":"","format":"standard","meta":[],"categories":[131],"tags":[],"acf":[],"_links":{"self":[{"href":"https:\/\/qiarg.org\/magazine\/wp-json\/wp\/v2\/posts\/1664"}],"collection":[{"href":"https:\/\/qiarg.org\/magazine\/wp-json\/wp\/v2\/posts"}],"about":[{"href":"https:\/\/qiarg.org\/magazine\/wp-json\/wp\/v2\/types\/post"}],"author":[{"embeddable":true,"href":"https:\/\/qiarg.org\/magazine\/wp-json\/wp\/v2\/users\/1"}],"replies":[{"embeddable":true,"href":"https:\/\/qiarg.org\/magazine\/wp-json\/wp\/v2\/comments?post=1664"}],"version-history":[{"count":7,"href":"https:\/\/qiarg.org\/magazine\/wp-json\/wp\/v2\/posts\/1664\/revisions"}],"predecessor-version":[{"id":1679,"href":"https:\/\/qiarg.org\/magazine\/wp-json\/wp\/v2\/posts\/1664\/revisions\/1679"}],"wp:featuredmedia":[{"embeddable":true,"href":"https:\/\/qiarg.org\/magazine\/wp-json\/wp\/v2\/media\/1665"}],"wp:attachment":[{"href":"https:\/\/qiarg.org\/magazine\/wp-json\/wp\/v2\/media?parent=1664"}],"wp:term":[{"taxonomy":"category","embeddable":true,"href":"https:\/\/qiarg.org\/magazine\/wp-json\/wp\/v2\/categories?post=1664"},{"taxonomy":"post_tag","embeddable":true,"href":"https:\/\/qiarg.org\/magazine\/wp-json\/wp\/v2\/tags?post=1664"}],"curies":[{"name":"wp","href":"https:\/\/api.w.org\/{rel}","templated":true}]}}