{"id":1465,"date":"2021-04-27T12:17:01","date_gmt":"2021-04-27T15:17:01","guid":{"rendered":"https:\/\/qiarg.org\/magazine\/?p=1465"},"modified":"2021-04-27T20:33:40","modified_gmt":"2021-04-27T23:33:40","slug":"construir-un-mundo-mejor","status":"publish","type":"post","link":"https:\/\/qiarg.org\/magazine\/construir-un-mundo-mejor\/","title":{"rendered":"Construir un mundo mejor"},"content":{"rendered":"<p><span class=\"dropcap \" style=\"background-color: #ffffff; color: #000000; border-color: #ffffff;\">E<\/span>l 20 de agosto de 2018 marc\u00f3 un antes y un despu\u00e9s en la vida de millones de j\u00f3venes alrededor del mundo cuando una ni\u00f1a sueca de 15 a\u00f1os de edad, llamada Greta Thunberg, decidi\u00f3 faltar a la escuela ese d\u00eda para hacer una huelga frente al Parlamento de Estocolmo, reclamando la urgente toma de medidas contra la crisis clim\u00e1tica. Aunque al principio parec\u00eda una acci\u00f3n individual, lo que Greta hizo se convirti\u00f3 pronto en el movimiento internacional Fridays for Future (o \u201cViernes por el Futuro\u201d, en espa\u00f1ol), que puso en evidencia la preocupaci\u00f3n de las nuevas generaciones por las devastadoras consecuencias de la acci\u00f3n del hombre en el planeta Tierra.<\/p>\n<p>En el caso de nuestro pa\u00eds, son muchas las agrupaciones que nuclean a j\u00f3venes argentinos en b\u00fasqueda de un mundo mejor. Una de ellas es Eco House, organizaci\u00f3n sin fines de lucro especializada en educaci\u00f3n, voluntariado, pol\u00edtica y consultor\u00eda ambiental en la que participan m\u00e1s de 700 voluntarios y que en octubre de 2020 fue reconocida por el Programa de las Naciones Unidas para el Desarrollo como \u201cJ\u00f3venes L\u00edderes de la Comunidad Internacional\u201d.<\/p>\n<p>\u201cEn este momento estamos en una crisis clim\u00e1tica y ecol\u00f3gica casi sin precedentes, por lo menos desde que tenemos memoria colectiva\u201d, explica M\u00e1ximo Mazzocco, fundador de Eco House, a mediados de 2016. \u201cAnte esto debemos construir los cimientos, colocarlos y fundar las bases de un nuevo mundo que necesitamos s\u00ed o s\u00ed porque el desarrollo que tenemos hoy no es sostenible, el progreso no es progreso evidentemente y por ende tenemos que transitar el camino hacia algo nuevo. Eco House llega para dar una mano, para sumar granitos, es un movimiento argentino que hoy est\u00e1 creciendo en varios pa\u00edses de la regi\u00f3n despu\u00e9s de muchos a\u00f1os de trabajo\u201d.<\/p>\n<p>Entre sus actividades, esta ONG organiza charlas para concientizar sobre el cuidado del medioambiente en escuelas, c\u00e1rceles y barrios carenciados; realiza composteras y huertas urbanas; participa de debates internacionales y forma parte de la redacci\u00f3n, planificaci\u00f3n y desarrollo de decenas de ordenanzas, leyes y programas gubernamentales.<\/p>\n<blockquote class=\"pullquote align-center\"><p>Las evidentes consecuencias actuales, como los incendios forestales, la contaminaci\u00f3n o el calentamiento global llevaron a que en los \u00faltimos a\u00f1os las nuevas generaciones tomaran una conciencia mayor sobre el cuidado del planeta para asegurar un futuro mejor.<\/p><\/blockquote>\n<p>Acciones similares son las que impulsa otra importante agrupaci\u00f3n nacional, J\u00f3venes por el clima (JOCA), nacida en febrero de 2019 como una expresi\u00f3n local de las manifestaciones internacionales contra el cambio clim\u00e1tico y que ya tiene cientos de miembros en varias provincias.<br \/>\nSeg\u00fan explica una de sus referentes, Mercedes Pombo, una joven de 20 a\u00f1os estudiante de Filosof\u00eda, desde su surgimiento JOCA colabor\u00f3 con el logro de importantes conquistas materiales de nuestro pa\u00eds, como la declaraci\u00f3n de la emergencia clim\u00e1tica o la Ley de Presupuestos M\u00ednimos de Adaptaci\u00f3n y Mitigaci\u00f3n al Cambio Clim\u00e1tico Global.<\/p>\n<p>\u201cPero m\u00e1s all\u00e1 de eso, lo m\u00e1s importante es la transformaci\u00f3n que se dio en t\u00e9rminos culturales. Porque hasta hace no tanto a lo ambiental se lo asociaba con un reclamo de clase media o alta. Eso se fue modificando y ahora se entiende como parte de las reivindicaciones que tienen que estar en cualquier reclamo por la justicia social\u201d, detalla.<\/p>\n<figure id=\"attachment_8\" aria-describedby=\"caption-attachment-8\" style=\"width: 1200px\" class=\"wp-caption alignleft\"><a href=\"https:\/\/qiarg.org\/magazine\/wp-content\/uploads\/2021\/04\/jovenes2.jpg\"><img decoding=\"async\" class=\"size-full wp-image-8\" src=\"https:\/\/qiarg.org\/magazine\/wp-content\/uploads\/2021\/04\/jovenes2.jpg\" alt=\"\" width=\"1200\" \/><\/a><figcaption id=\"caption-attachment-8\" class=\"wp-caption-text\">Ladislao Arany, Mercedes Pombo, Mijael Kaufman, Ariana Fiorotto, M\u00e1ximo Mazzoco y Ariana Krochik.<\/figcaption><\/figure>\n<p>Son muchos los j\u00f3venes argentinos que dedican su d\u00eda a d\u00eda a generar un cambio en la forma en la que nuestra sociedad concibe al medioambiente. \u201cLos j\u00f3venes tenemos una concepci\u00f3n completamente distinta de lo que implica lo ambiental, que tambi\u00e9n permea en los m\u00e1s grandes porque se discute en la mesa familiar. Creo que es un reclamo generacional que va a seguir creciendo porque tiene que ver con el contexto hist\u00f3rico en el que nos enmarcamos. Somos nosotros los que vamos a tener que padecer las peores consecuencias en el futuro\u201d, opina Mercedes.<\/p>\n<p>Para M\u00e1ximo, la llegada masiva de las redes sociales y el desarrollo de la tecnolog\u00eda fueron factores que contribuyeron enormemente a la difusi\u00f3n internacional de las problem\u00e1ticas medioambientales, poniendo en contacto a j\u00f3venes de los m\u00e1s variados pa\u00edses.<\/p>\n<p>\u201cCuando yo ten\u00eda 11 a\u00f1os no exist\u00edan los celulares o las redes, entonces a m\u00ed no me llegaba informaci\u00f3n sobre lo que pasaba con el Amazonas o los basurales a cielo abierto. Hoy en d\u00eda los j\u00f3venes podemos ver todas las alarmas, es casi una obligaci\u00f3n moral involucrarse. Hay que tomar los recaudos necesarios para hacer un buen uso de la tecnolog\u00eda. Bien usada, es una herramienta que nos ha dado muy buenos frutos\u201d, explica M\u00e1ximo, quien brinda gran parte de su informaci\u00f3n a trav\u00e9s de la cuenta de Instagram de Eco House, que ya tiene 100 mil seguidores.<\/p>\n<blockquote class=\"pullquote align-center\"><p>La inesperada llegada de la pandemia de coronavirus, decretada por la Organizaci\u00f3n Mundial de la Salud en marzo de 2020, gener\u00f3 fuertes debates en la comunidad internacional sobre los h\u00e1bitos y modelos de desarrollo de las sociedades modernas y el impacto de los mismos en el medioambiente.<\/p><\/blockquote>\n<p>Quien tambi\u00e9n utiliza su Instagram para impulsar acciones por el cambio clim\u00e1tico es Luis Mart\u00ednez, un correntino de 21 a\u00f1os que trabaja en escuelas de distintas partes del pa\u00eds concientizando sobre el cuidado del medioambiente.<\/p>\n<p>Su inter\u00e9s en el tema comenz\u00f3 a sus 12 a\u00f1os cuando, para disfrutar de su hobbie de dibujar y pintar, buscaba rincones naturales de Corrientes en los que inspirarse. Pero a cada lugar que llegaba siempre lo encontraba con mucha basura y desperdicios que deb\u00eda limpiar. Fue as\u00ed que comenz\u00f3 a informarse y pidi\u00f3 permiso en algunos jardines de infantes para empezar a dar charlas sobre el cuidado del planeta.<\/p>\n<p>\u201cAl principio era raro para algunos docentes. Yo sacaba a los chicos fuera del aula para que pudieran conocer el ambiente natural que los rodeaba, los tipos de \u00e1rboles, descubrir el entorno y la biodiversidad. Todo eso podemos conocerlo con solo detenernos a observar\u201d, recuerda Luis sobre esos comienzos. Ahora ampli\u00f3 sus charlas a chicos de todas las edades, escuelas especiales, personas mayores y estudiantes de algunas carreras como Biolog\u00eda o Ciencias Agrarias. Gracias a su labor, fue dos veces elegido como L\u00edder Joven Ambiental de Am\u00e9rica Latina por la ONU y, aunque no trabaja para ninguna organizaci\u00f3n en particular, siempre colabora en campa\u00f1as y actividades de otros colectivos. Una de esas acciones fue \u00danete, lanzada en plena pandemia de coronavirus, en la que Luis junto con distintas organizaciones como Fridays for Future Corrientes, APDL y Sustentabilidad Sin Fronteras, buscaron hacer hincapi\u00e9 en la necesidad de preservar el r\u00edo Paran\u00e1 y evitar su depredaci\u00f3n.<\/p>\n<p>\u201cFue una campa\u00f1a para que la gente conozca las especies que tenemos en el r\u00edo Paran\u00e1 y que supieran lo que estaba pasando: que tras la bajante hist\u00f3rica del r\u00edo, muchas especies de fauna \u00edctica est\u00e1n siendo afectadas y son m\u00e1s vulnerables a la depredaci\u00f3n. Quer\u00edamos generar una toma de conciencia y logramos una gran repercusi\u00f3n. Incluso obtuvimos la atenci\u00f3n de algunos funcionarios provinciales que se interesaron en empezar a buscar una soluci\u00f3n\u201d, cuenta Luis.<\/p>\n<p><strong>El futuro despu\u00e9s de la pandemia<\/strong><\/p>\n<p>En toda crisis puede verse una oportunidad, y justamente eso es lo que detect\u00f3 el joven estudiante de abogac\u00eda Mijael Kaufman para poner manos a la obra y fundar en Buenos Aires, en plena pandemia, la organizaci\u00f3n Consciente Colectivo.<\/p>\n<p>\u201cEra una idea que en lo personal ten\u00eda hace rato. Cre\u00eda que era necesario un espacio de activismo y militancia socioambiental con algunos ejes que no ve\u00eda en otros espacios. Es cierto que los j\u00f3venes tenemos un gran papel, pero no somos los \u00fanicos y es una causa que viene desde hace muchos a\u00f1os. Por eso el nombre, Consciente Colectivo, con el que queremos transmitir el trabajo en conjunto, que todas las militancias y activismos son diferentes, pero son todos iguales de importantes y con objetivos similares\u201d, cuenta Miajil.<\/p>\n<p>Los abordajes de esta flamante organizaci\u00f3n son muchos, e incluyen el trabajo en la incidencia legislativa \u2013con el que hacen fuerte hincapi\u00e9 en la Ley de Etiquetado Frontal de los alimentos\u2013, la concientizaci\u00f3n a nivel social y un trabajo en barrios del conurbano bonaerense para la producci\u00f3n de huertas. Con respecto a los cambios generados durante la pandemia, Mijail piensa que se dieron algunos avances interesantes tales como la iniciativa que tomaron muchas personas de comenzar a compostar o cultivar sus alimentos. \u201cCreo que la alimentaci\u00f3n y los residuos son dos problemas importantes y transversales en todo nuestro pa\u00eds. Ojal\u00e1 no sea un simple momento pasajero y que sea algo que vino para quedarse\u201d, agrega.<\/p>\n<p>\u201cLa gente comenz\u00f3 a entender que somos los causantes de lo que sucede, porque todo lo que hacemos perjudica al ambiente y a nosotros\u201d, opina Luis Mart\u00ednez. Y sigue: \u201cA ra\u00edz de la pandemia esa toma de conciencia est\u00e1 creciendo, pero muchos no quieren hacer nada porque el otro no lo hace. A veces decimos que nos falta tiempo, pero las soluciones est\u00e1n, es cuesti\u00f3n de dedicarle un momento a pensar en el ambiente y en nuestros alimentos, en el tipo de consumo que queremos tener\u201d.<\/p>\n<p>En cuanto a los problemas espec\u00edficos que afronta nuestro pa\u00eds en t\u00e9rminos ambientales, tanto Luis como Mercedes, M\u00e1ximo y Mijael coinciden en que lo primordial es, por un lado, asegurar el cumplimiento de la legislaci\u00f3n ya vigente que existe en Argentina y, por otro, abordar temas urgentes como la implementaci\u00f3n de una ley de Humedales y una ley de Educaci\u00f3n Ambiental, que acaba de obtener media sanci\u00f3n en la C\u00e1mara de Diputados.<\/p>\n<p>\u201cEntendemos que parte del problema de que se piense lo ambiental como algo secundario y no se traten los problemas estructurales de fondo, tiene que ver con creer que el ambiente se puede pensar disociado de la sociedad en la que nos enmarcamos. No podemos pensarnos por fuera de la naturaleza\u201d, opina Mercedes.<\/p>\n<p>Sin embargo, m\u00e1s all\u00e1 de la necesidad de estas grandes acciones a nivel del Estado, los j\u00f3venes impulsan tambi\u00e9n desde sus organizaciones la importancia de los peque\u00f1os actos individuales que podemos empezar a implementar hoy mismo desde el hogar, como separar los residuos reciclables o plantar nuestra propia huerta.<\/p>\n<p>Para M\u00e1ximo, se puede hacer \u201cde todo\u201d. \u201cLas claves est\u00e1n en reducir, reutilizar y reciclar. Eso se aplica a lo que quieras: desde ahorrar energ\u00eda hasta lavar los residuos o disminuir los pares de pantalones que nos compramos por a\u00f1o. Si aplicamos bien las primeras dos R y agregamos la tercera, ya estamos haciendo desde casa un impacto bastante importante. Y sumarle a eso informarse y contagiar a los de al lado, esa es la clave. Y as\u00ed, granito a granito, se hace una cordillera\u201d.<\/p>\n<p>______<\/p>\n<p>&nbsp;<\/p>\n<p><strong><img decoding=\"async\" class=\" wp-image-1471 alignleft\" src=\"https:\/\/qiarg.org\/magazine\/wp-content\/uploads\/2021\/04\/mazzocco.jpg\" alt=\"\" width=\"350\" srcset=\"https:\/\/qiarg.org\/magazine\/wp-content\/uploads\/2021\/04\/mazzocco.jpg 300w, https:\/\/qiarg.org\/magazine\/wp-content\/uploads\/2021\/04\/mazzocco-150x150.jpg 150w, https:\/\/qiarg.org\/magazine\/wp-content\/uploads\/2021\/04\/mazzocco-75x75.jpg 75w\" sizes=\"(max-width: 300px) 100vw, 300px\" \/>M\u00e1ximo Mazzoco<\/strong><\/p>\n<p>\u201cEs muy importante la Ley de Educaci\u00f3n Ambiental. No puede ser que no la tengamos. Ya sabemos que la educaci\u00f3n es la soluci\u00f3n n\u00famero uno para casi cualquier problema que afronte la Humanidad. Una sociedad educada hace la diferencia y en este momento carecemos de una pol\u00edtica nacional. Necesitamos una estrategia que sea constante y apartidaria, justamente para que permita que toda la sociedad est\u00e9 en la misma sinton\u00eda y comprendamos la ra\u00edz del problema y sus posibles soluciones\u201d.<\/p>\n<p>&nbsp;<\/p>\n<p>&nbsp;<\/p>\n<p><strong><img decoding=\"async\" class=\"size-full wp-image-1470 alignleft\" src=\"https:\/\/qiarg.org\/magazine\/wp-content\/uploads\/2021\/04\/martinez.jpg\" alt=\"\" width=\"350\" srcset=\"https:\/\/qiarg.org\/magazine\/wp-content\/uploads\/2021\/04\/martinez.jpg 300w, https:\/\/qiarg.org\/magazine\/wp-content\/uploads\/2021\/04\/martinez-150x150.jpg 150w, https:\/\/qiarg.org\/magazine\/wp-content\/uploads\/2021\/04\/martinez-75x75.jpg 75w\" sizes=\"(max-width: 300px) 100vw, 300px\" \/>Luis Mart\u00ednez<\/strong><\/p>\n<p>\u201cNecesitamos proteger nuestros bosques nativos y humedales, que albergan miles de especies y d\u00eda a d\u00eda son destruidos y deforestados por modelos productivos y agr\u00edcolas da\u00f1inos. Tambi\u00e9n necesitamos enfocar a un mayor desarrollo de la energ\u00eda limpia y eliminar los basurales a cielo abierto, apostar al reciclado de nuestros residuos y fortalecer el resguardo de nuestra fauna silvestre\u201d.<\/p>\n<p>&nbsp;<\/p>\n<p>&nbsp;<\/p>\n<p><strong><img decoding=\"async\" class=\"size-full wp-image-1469 alignleft\" src=\"https:\/\/qiarg.org\/magazine\/wp-content\/uploads\/2021\/04\/pombo.jpg\" alt=\"\" width=\"350\" srcset=\"https:\/\/qiarg.org\/magazine\/wp-content\/uploads\/2021\/04\/pombo.jpg 300w, https:\/\/qiarg.org\/magazine\/wp-content\/uploads\/2021\/04\/pombo-150x150.jpg 150w, https:\/\/qiarg.org\/magazine\/wp-content\/uploads\/2021\/04\/pombo-75x75.jpg 75w\" sizes=\"(max-width: 300px) 100vw, 300px\" \/>Mercedes Pombo<\/strong><\/p>\n<p>\u201cMuchos de los problemas m\u00e1s urgentes son estructurales y tienen que ver con nuestra matriz productiva y con nuestra distribuci\u00f3n poblacional. Se requiere de un proyecto de pa\u00eds que sume la perspectiva ambiental como una cuesti\u00f3n fundamental. La Ley de Humedales tambi\u00e9n es urgente porque tiene que ver con una lucha hist\u00f3rica que busca establecer un ordenamiento territorial que permita definir en qu\u00e9 zonas se puede producir y de qu\u00e9 manera\u201d.<\/p>\n<p>&nbsp;<\/p>\n<p><strong><img decoding=\"async\" class=\"size-full wp-image-1468 alignleft\" src=\"https:\/\/qiarg.org\/magazine\/wp-content\/uploads\/2021\/04\/kaufmann.jpg\" alt=\"\" width=\"350\" srcset=\"https:\/\/qiarg.org\/magazine\/wp-content\/uploads\/2021\/04\/kaufmann.jpg 300w, https:\/\/qiarg.org\/magazine\/wp-content\/uploads\/2021\/04\/kaufmann-150x150.jpg 150w, https:\/\/qiarg.org\/magazine\/wp-content\/uploads\/2021\/04\/kaufmann-75x75.jpg 75w\" sizes=\"(max-width: 300px) 100vw, 300px\" \/>Mijael Kaufman<\/strong><\/p>\n<p>\u201cEn el corto plazo es muy necesaria la ley de responsabilidad extendida a los productores: una ley de reciclado social que ponga la responsabilidad en las empresas como generadoras de residuos y que tenga la potencialidad de generar mucho trabajo. Tenemos muchos basurales a cielo abierto que son muy nocivos. Tambi\u00e9n es fundamental la cuesti\u00f3n de etiquetado frontal de alimentos y generar cordones alimenticios en las zonas urbanas y periurbanas. Adem\u00e1s, es necesario incluir un cap\u00edtulo penal ambiental\u201d.<\/p>\n<p>&nbsp;<\/p>\n","protected":false},"excerpt":{"rendered":"<p>El 20 de agosto de 2018 marc\u00f3 un antes y un despu\u00e9s en la vida de millones de j\u00f3venes alrededor del mundo cuando una ni\u00f1a sueca de 15 a\u00f1os de edad, llamada Greta Thunberg, decidi\u00f3 faltar a la escuela ese d\u00eda para hacer una huelga frente al Parlamento de Estocolmo, reclamando la urgente toma de [&hellip;]<\/p>\n","protected":false},"author":1,"featured_media":1472,"comment_status":"closed","ping_status":"closed","sticky":false,"template":"","format":"standard","meta":[],"categories":[128],"tags":[],"acf":[],"_links":{"self":[{"href":"https:\/\/qiarg.org\/magazine\/wp-json\/wp\/v2\/posts\/1465"}],"collection":[{"href":"https:\/\/qiarg.org\/magazine\/wp-json\/wp\/v2\/posts"}],"about":[{"href":"https:\/\/qiarg.org\/magazine\/wp-json\/wp\/v2\/types\/post"}],"author":[{"embeddable":true,"href":"https:\/\/qiarg.org\/magazine\/wp-json\/wp\/v2\/users\/1"}],"replies":[{"embeddable":true,"href":"https:\/\/qiarg.org\/magazine\/wp-json\/wp\/v2\/comments?post=1465"}],"version-history":[{"count":5,"href":"https:\/\/qiarg.org\/magazine\/wp-json\/wp\/v2\/posts\/1465\/revisions"}],"predecessor-version":[{"id":1550,"href":"https:\/\/qiarg.org\/magazine\/wp-json\/wp\/v2\/posts\/1465\/revisions\/1550"}],"wp:featuredmedia":[{"embeddable":true,"href":"https:\/\/qiarg.org\/magazine\/wp-json\/wp\/v2\/media\/1472"}],"wp:attachment":[{"href":"https:\/\/qiarg.org\/magazine\/wp-json\/wp\/v2\/media?parent=1465"}],"wp:term":[{"taxonomy":"category","embeddable":true,"href":"https:\/\/qiarg.org\/magazine\/wp-json\/wp\/v2\/categories?post=1465"},{"taxonomy":"post_tag","embeddable":true,"href":"https:\/\/qiarg.org\/magazine\/wp-json\/wp\/v2\/tags?post=1465"}],"curies":[{"name":"wp","href":"https:\/\/api.w.org\/{rel}","templated":true}]}}