{"id":1421,"date":"2021-04-27T11:30:04","date_gmt":"2021-04-27T14:30:04","guid":{"rendered":"https:\/\/qiarg.org\/magazine\/?p=1421"},"modified":"2021-04-28T20:16:41","modified_gmt":"2021-04-28T23:16:41","slug":"vistas02","status":"publish","type":"post","link":"https:\/\/qiarg.org\/magazine\/vistas02\/","title":{"rendered":"Vistas+"},"content":{"rendered":"<p><img decoding=\"async\" loading=\"lazy\" class=\"foto-seccion alignleft wp-image-1422 size-full\" src=\"https:\/\/qiarg.org\/magazine\/wp-content\/uploads\/2021\/04\/Ternium-green.jpg\" alt=\"\" width=\"300\" height=\"225\" \/><\/p>\n<h3><strong>Ternium anunci\u00f3<br \/>\nsu plan ambiental<br \/>\n<\/strong><\/h3>\n<p><strong>El fabricante de aceros enfocar\u00e1 la inversi\u00f3n en la mejora de procesos para continuar reduciendo el impacto ambiental en sus instalaciones industriales.<br \/>\n<\/strong><\/p>\n<p>Ternium anunci\u00f3 un plan de 500 millones de d\u00f3lares en proyectos y tecnolog\u00edas amigables con el medioambiente. El anuncio lo hizo el CEO de la compa\u00f1\u00eda, M\u00e1ximo Vedoya.<\/p>\n<p>La empresa inform\u00f3 sobre este plan de inversiones ambientales a implementarse en los pr\u00f3ximos siete a\u00f1os, en paralelo al anuncio de su Ruta de Descarbonizaci\u00f3n, una iniciativa con la que prev\u00e9 disminuir en 20% sus emisiones espec\u00edficas de CO2 para el a\u00f1o 2030.<\/p>\n<p>Los proyectos estar\u00e1n concentrados en la reducci\u00f3n de emisiones, manejo de efluentes y gesti\u00f3n de materiales, especialmente en las plantas de San Nicol\u00e1s de los Arroyos, en Argentina; Nuevo Le\u00f3n, en M\u00e9xico; y Santa Cruz, en Brasil.<\/p>\n<p>&nbsp;<\/p>\n<p>&nbsp;<\/p>\n<p><img decoding=\"async\" loading=\"lazy\" class=\"foto-seccion alignleft wp-image-1301 size-full\" src=\"https:\/\/qiarg.org\/magazine\/wp-content\/uploads\/2021\/01\/audi.jpg\" alt=\"\" width=\"300\" height=\"225\" \/><\/p>\n<h3><strong>Audi lanza su auto el\u00e9ctrico <\/strong><\/h3>\n<p><strong>La empresa alemana y un modelo que reduce las emisiones de CO2, con autonom\u00eda para 400 km.<\/strong><\/p>\n<p>El CEO de VW Group Argentina, Thomas Owsianski, anunci\u00f3 que Audi tendr\u00e1 en breve dos modelos el\u00e9ctricos en la Argentina. Se trata de la familia e-tron, en versi\u00f3n SUV y Sportback, con menor emisi\u00f3n de CO2, y que formar\u00e1n parte de la avanzada de veh\u00edculos el\u00e9ctricos del grupo alem\u00e1n. Audi e-tron garantiza una autonom\u00eda de 400 kil\u00f3metros. El e-tron se convirti\u00f3 en el primer el\u00e9ctrico de producci\u00f3n en serie en aceptar cargas r\u00e1pidas hasta 150 kW, que permite conseguir una autonom\u00eda de cerca de 100 kil\u00f3metros en menos de 10 minutos.<\/p>\n<p>&nbsp;<\/p>\n<p>&nbsp;<\/p>\n<p><img decoding=\"async\" loading=\"lazy\" class=\"foto-seccion alignleft wp-image-1423 size-full\" src=\"https:\/\/qiarg.org\/magazine\/wp-content\/uploads\/2021\/04\/adidas-originals.jpg\" alt=\"\" width=\"300\" height=\"225\" \/><\/p>\n<h3><strong>Adidas y el reciclado<\/strong><\/h3>\n<p><strong>La marca lanza una iniciativa para terminar con los residuos pl\u00e1sticos: BUY IT WITH PLASTIC.<\/strong><\/p>\n<p>La nueva edici\u00f3n de Stan Smith posee fibras de pl\u00e1stico recuperado del ambiente en un exterior blanco realizado de Primegreen, un tejido creado con materiales reciclados de alto rendimiento, acompa\u00f1ado de una suela blanca de caucho reciclado. Esta l\u00ednea llega para seguir profundizando el compromiso de Adidas Originals con la sostenibilidad.<\/p>\n<p>BUY IT WITH PLASTIC es la principal iniciativa de la campa\u00f1a e invita a los consumidores a llevar los desechos pl\u00e1sticos, que ser\u00e1n revalorizados y reciclados, a cambio de descuentos de hasta un 25% en los productos.<\/p>\n<p>&nbsp;<\/p>\n<p>&nbsp;<\/p>\n<p><img decoding=\"async\" loading=\"lazy\" class=\"foto-seccion alignleft wp-image-1424 size-full\" src=\"https:\/\/qiarg.org\/magazine\/wp-content\/uploads\/2021\/04\/UCA.jpg\" alt=\"\" width=\"300\" height=\"225\" \/><\/p>\n<h3><strong>Certificaciones<br \/>\nde sustentabilidad<\/strong><\/h3>\n<p><strong>La UCA dictar\u00e1 un curso 100% online, con una duraci\u00f3n de 11 horas.<\/strong><\/p>\n<p>Este curso introductorio est\u00e1 dirigido a profesionales del sector agroindustrial y comercio exterior o egresados con inter\u00e9s en la tem\u00e1tica de las certificaciones.<\/p>\n<p>Las clases se dictar\u00e1n los d\u00edas s\u00e1bados 8, 12 y 29 de mayo y los s\u00e1bados 5 y 12 de junio de 9 a 11 hs, salvo el 5 de junio que ser\u00e1 de 9 a 12 hs. La docente ser\u00e1 Ana Florencia Stoddart, Master of Science (MSc).<\/p>\n<p>&nbsp;<\/p>\n<p>&nbsp;<\/p>\n<p><img decoding=\"async\" loading=\"lazy\" class=\"foto-seccion alignleft wp-image-1425 size-full\" src=\"https:\/\/qiarg.org\/magazine\/wp-content\/uploads\/2021\/04\/Coca-Cola2.jpg\" alt=\"\" width=\"300\" height=\"225\" \/><\/p>\n<h3><strong>Agua segura<\/strong><\/h3>\n<p><strong>Coca-Cola busca lograr seguridad h\u00eddrica para las comunidades en las que opera.<\/strong><\/p>\n<p>Junto a Arca Continental y Proyecto Agua Segura trabajan acercando tecnolog\u00eda y dictando talleres de higiene y cuidado del agua en Caspichango y La Calera, dos poblados rurales de Tucum\u00e1n.<\/p>\n<p>El objetivo es reforzar los h\u00e1bitos de higiene personal y domiciliarios para prevenir enfermedades, adem\u00e1s de generar conciencia sobre la importancia de cuidar el agua, un recurso tan fundamental como escaso.<\/p>\n<p>&nbsp;<\/p>\n<p>&nbsp;<\/p>\n<p><img decoding=\"async\" loading=\"lazy\" class=\"foto-seccion alignleft wp-image-1426 size-full\" src=\"https:\/\/qiarg.org\/magazine\/wp-content\/uploads\/2021\/04\/loreal.jpg\" alt=\"\" width=\"300\" height=\"225\" \/><\/p>\n<h3><strong>Transparencia, seguridad y ciencia verde<\/strong><\/h3>\n<p><strong>L\u2019Or\u00e9al comparte su visi\u00f3n sobre la belleza del futuro.<\/strong><\/p>\n<p>La compa\u00f1\u00eda se compromete a una importante transformaci\u00f3n de su Investigaci\u00f3n e Innovaci\u00f3n a trav\u00e9s de la adopci\u00f3n de una estrategia de \u201cCiencia Verde\u201d. En el 2030, el 95% de sus ingredientes proceder\u00e1 de fuentes vegetales renovables, minerales abundantes o procesos circulares; y el 100% de las f\u00f3rmulas ser\u00e1n respetuosas del medioambiente acu\u00e1tico.<\/p>\n<p>Ya en 2020, el 80% de las materias primas del Grupo fueron f\u00e1cilmente biodegradables, el 59% renovables y el 34% naturales o de origen natural. El 29% de los ingredientes utilizados en las f\u00f3rmulas de L\u2019Or\u00e9al se desarrollaron de acuerdo con los principios de la Qu\u00edmica Sostenible.<\/p>\n<p>&nbsp;<\/p>\n<p>&nbsp;<\/p>\n<p><img decoding=\"async\" loading=\"lazy\" class=\"foto-seccion alignleft wp-image-1427 size-full\" src=\"https:\/\/qiarg.org\/magazine\/wp-content\/uploads\/2021\/04\/aa2000.jpg\" alt=\"\" width=\"300\" height=\"225\" \/><\/p>\n<h3><strong>Aeropuertos amigables<\/strong><\/h3>\n<p><strong>Aeropuertos Argentina 2000 present\u00f3 su Informe de Sostenibilidad.<\/strong><\/p>\n<p>La compa\u00f1\u00eda inform\u00f3 que uno de sus principales ejes en materia ambiental es la lucha contra el cambio clim\u00e1tico.<\/p>\n<p>A partir de un programa de monitoreo ambiental evaluar\u00e1 y sistematizar\u00e1 las emisiones de gases de efecto invernadero derivadas de los consumos energ\u00e9ticos, implementando as\u00ed acciones que le permitir\u00e1n minimizar la huella de carbono.<\/p>\n<p>&nbsp;<\/p>\n<p>&nbsp;<\/p>\n<p><img decoding=\"async\" loading=\"lazy\" class=\"foto-seccion alignleft wp-image-1428 size-full\" src=\"https:\/\/qiarg.org\/magazine\/wp-content\/uploads\/2021\/04\/supervielle.jpg\" alt=\"\" width=\"300\" height=\"225\" \/><\/p>\n<h3><strong>Grupo Supervielle<\/strong><\/h3>\n<p><strong>Fue seleccionado para integrar el \u00cdndice de Sustentabilidad de BYMA.<\/strong><\/p>\n<p>El grupo fue incluido por tercer a\u00f1o consecutivo en el \u00cdndice de Sustentabilidad que realiza Bolsas y Mercados Argentinos (BYMA) junto al Banco Interamericano de Desarrollo (BID). El \u00cdndice reconoce el impacto positivo que diversas instituciones generan en las comunidades de las que forman parte. Adem\u00e1s, tambi\u00e9n da cuenta de la inversi\u00f3n econ\u00f3mica y los recursos utilizados en pos de la sustentabilidad y las buenas pr\u00e1cticas corporativas.<\/p>\n<p>&nbsp;<\/p>\n<p>&nbsp;<\/p>\n<p><img decoding=\"async\" loading=\"lazy\" class=\"foto-seccion alignleft wp-image-1429 size-full\" src=\"https:\/\/qiarg.org\/magazine\/wp-content\/uploads\/2021\/04\/kinto.jpg\" alt=\"\" width=\"300\" height=\"225\" \/><\/p>\n<h3><strong>Movilidad sustentable<\/strong><\/h3>\n<p><strong>KINTO, la marca de servicios de movilidad de Toyota.<\/strong><\/p>\n<p>Opera con el soporte de la red de concesionarios oficiales de Toyota en Argentina y estaciones de servicio de YPF, y hoy ya cuenta con 44 \u201cEstaciones Mobility\u201d para el retiro y devoluci\u00f3n de los veh\u00edculos en todo el pa\u00eds. A trav\u00e9s de su aplicaci\u00f3n m\u00f3vil presente en los sistemas de iOS (Apple Store) y Android (Google Play), los usuarios pueden reservar el veh\u00edculo que deseen para alquilarlo.<\/p>\n<p>&nbsp;<\/p>\n<p>&nbsp;<\/p>\n<p><img decoding=\"async\" loading=\"lazy\" class=\"foto-seccion alignleft wp-image-1430 size-full\" src=\"https:\/\/qiarg.org\/magazine\/wp-content\/uploads\/2021\/04\/colgate.jpg\" alt=\"\" width=\"300\" height=\"225\" \/><\/p>\n<h3><strong>Nuevo envase reciclable<\/strong><\/h3>\n<p><strong>Colgate lanz\u00f3 en Argentina el primer tubo 100% reciclable.<\/strong><\/p>\n<p>La compa\u00f1\u00eda present\u00f3, para las cremas dentales de su l\u00ednea Natural Extracts, el primer tubo 100% reciclable que llega a la Argentina. Esto significa que una vez que el producto se termina, su envase puede ser reutilizado mediante el mismo proceso por el que se reciclan las botellas. Este es un paso m\u00e1s de la marca para cumplir sus objetivos de sustentabilidad hacia el 2025.<\/p>\n<p>&nbsp;<\/p>\n<p>&nbsp;<\/p>\n<p><img decoding=\"async\" loading=\"lazy\" class=\"foto-seccion alignleft wp-image-1431 size-full\" src=\"https:\/\/qiarg.org\/magazine\/wp-content\/uploads\/2021\/04\/mondeo.jpg\" alt=\"\" width=\"300\" height=\"225\" \/><\/p>\n<h3><strong>Mondeo H\u00edbrido, la nueva carta verde de Ford<\/strong><\/h3>\n<p><strong>Llega para fortalecer la propuesta de veh\u00edculos ecol\u00f3gicos en el pa\u00eds.<\/strong><\/p>\n<p>Las unidades estar\u00e1n disponibles a partir de abril, apoyando la estrategia de electrificaci\u00f3n de productos a nivel global que incluye versiones de algunos de sus modelos ic\u00f3nicos. Se trata de un veh\u00edculo que cuenta con los \u00faltimos dispositivos desarrollados por la compa\u00f1\u00eda en tecnolog\u00eda inteligente y posee una motorizaci\u00f3n h\u00edbrida autorrecargable que mejora la autonom\u00eda, reduce los niveles de consumo y emisiones, entregando un excelente nivel de prestaciones.<\/p>\n<p>&nbsp;<\/p>\n<p>&nbsp;<\/p>\n<p><img decoding=\"async\" loading=\"lazy\" class=\"foto-seccion alignleft wp-image-1432 size-full\" src=\"https:\/\/qiarg.org\/magazine\/wp-content\/uploads\/2021\/04\/nativas.jpg\" alt=\"\" width=\"300\" height=\"225\" \/><\/p>\n<h3><strong>Sum\u00e1 Nativas<\/strong><\/h3>\n<p><strong>Quilmes impulsa un proyecto participativo para restaurar tierras degradadas en Mendoza.<\/strong><\/p>\n<p>La iniciativa pretende restaurar parte de las 6.600 hect\u00e1reas afectadas por los incendios en la cuenca del R\u00edo Mendoza. El objetivo es avanzar con la revegetaci\u00f3n de la zona con plantas nativas y contribuir al desarrollo de la econom\u00eda local mediante la creaci\u00f3n de viveros en conjunto con la comunidad para la producci\u00f3n y comercializaci\u00f3n de especies aut\u00f3ctonas.<\/p>\n<p>&nbsp;<\/p>\n<p>&nbsp;<\/p>\n<p><img decoding=\"async\" loading=\"lazy\" class=\"foto-seccion alignleft wp-image-1433 size-full\" src=\"https:\/\/qiarg.org\/magazine\/wp-content\/uploads\/2021\/04\/evacopa.jpg\" alt=\"\" width=\"300\" height=\"225\" \/><\/p>\n<h3><strong>Una forma m\u00e1s natural de conectar con el periodo<\/strong><\/h3>\n<p>Lanzada por Elea, Evacopa es una alternativa para la gesti\u00f3n menstrual m\u00e1s segura, pr\u00e1ctica y amigable con el medioambiente. Se trata de una copa de silicona flexible de calidad farmac\u00e9utica, desarrollada con los m\u00e1s altos est\u00e1ndares, producida en nuestro pa\u00eds y con materiales cuyas aprobaciones est\u00e1n avaladas por los pa\u00edses m\u00e1s avanzados del mundo.<\/p>\n<p>&nbsp;<\/p>\n<p>&nbsp;<\/p>\n","protected":false},"excerpt":{"rendered":"<p>Ternium anunci\u00f3 su plan ambiental El fabricante de aceros enfocar\u00e1 la inversi\u00f3n en la mejora de procesos para continuar reduciendo el impacto ambiental en sus instalaciones industriales. Ternium anunci\u00f3 un plan de 500 millones de d\u00f3lares en proyectos y tecnolog\u00edas amigables con el medioambiente. El anuncio lo hizo el CEO de la compa\u00f1\u00eda, M\u00e1ximo Vedoya. [&hellip;]<\/p>\n","protected":false},"author":1,"featured_media":0,"comment_status":"closed","ping_status":"closed","sticky":false,"template":"","format":"standard","meta":[],"categories":[128],"tags":[],"acf":[],"_links":{"self":[{"href":"https:\/\/qiarg.org\/magazine\/wp-json\/wp\/v2\/posts\/1421"}],"collection":[{"href":"https:\/\/qiarg.org\/magazine\/wp-json\/wp\/v2\/posts"}],"about":[{"href":"https:\/\/qiarg.org\/magazine\/wp-json\/wp\/v2\/types\/post"}],"author":[{"embeddable":true,"href":"https:\/\/qiarg.org\/magazine\/wp-json\/wp\/v2\/users\/1"}],"replies":[{"embeddable":true,"href":"https:\/\/qiarg.org\/magazine\/wp-json\/wp\/v2\/comments?post=1421"}],"version-history":[{"count":6,"href":"https:\/\/qiarg.org\/magazine\/wp-json\/wp\/v2\/posts\/1421\/revisions"}],"predecessor-version":[{"id":1555,"href":"https:\/\/qiarg.org\/magazine\/wp-json\/wp\/v2\/posts\/1421\/revisions\/1555"}],"wp:attachment":[{"href":"https:\/\/qiarg.org\/magazine\/wp-json\/wp\/v2\/media?parent=1421"}],"wp:term":[{"taxonomy":"category","embeddable":true,"href":"https:\/\/qiarg.org\/magazine\/wp-json\/wp\/v2\/categories?post=1421"},{"taxonomy":"post_tag","embeddable":true,"href":"https:\/\/qiarg.org\/magazine\/wp-json\/wp\/v2\/tags?post=1421"}],"curies":[{"name":"wp","href":"https:\/\/api.w.org\/{rel}","templated":true}]}}